
{"id":6392,"date":"2022-02-28T17:50:44","date_gmt":"2022-02-28T16:50:44","guid":{"rendered":"https:\/\/przedszkole18.edu.wroclaw.pl\/?p=6392"},"modified":"2022-02-28T17:52:15","modified_gmt":"2022-02-28T16:52:15","slug":"wazne-18","status":"publish","type":"post","link":"https:\/\/przedszkole18.edu.wroclaw.pl\/index.php\/2022\/02\/28\/wazne-18\/","title":{"rendered":"Wa\u017cne !"},"content":{"rendered":"<p>&nbsp;<\/p>\n<p>Od poniedzia\u0142ku rozpocznie si\u0119 zbi\u00f3rka dar\u00f3w<strong>.<\/strong> Po bezpo\u015brednich rozmowach z\u00a0naszymi Przyjaci\u00f3\u0142mi ze Lwowa wiemy, czego od nas potrzebuj\u0105. Zbierane b\u0119d\u0105 m.in.:<\/p>\n<p><strong>\u2013<\/strong> \u015bpiwory, koce, \u015brodki higieny osobistej takie jak pasty do z\u0119b\u00f3w, bielizna, pieluchy, r\u0119czniki papierowe, ale tak\u017ce \u015bwiece, baterie czy zapalniczki i apteczki.<\/p>\n<p><strong>\u2013<\/strong> potrzebna jest tak\u017ce \u017cywno\u015b\u0107, ale <strong><u>tylko ta d\u0142ugoterminowa <\/u><\/strong>jak makaron, ry\u017c, konserwy itd.<\/p>\n<p><strong>Dary b\u0119d\u0105 zbierane <u>od poniedzia\u0142ku<\/u><\/strong> we wszystkich szko\u0142ach na terenie Wroc\u0142awia. Nast\u0119pnie zebrane dary ci\u0119\u017car\u00f3wkami b\u0119dziemy przewozi\u0107 na Ukrain\u0119.<\/p>\n<p><strong>Zasady zbi\u00f3rki<\/strong><\/p>\n<p>Osoby zajmuj\u0105ce si\u0119 w szko\u0142ach przyjmowaniem dar\u00f3w proszone s\u0105 o ich segregowanie. Pozwoli to zapanowa\u0107 nad zgromadzonymi zapasami zar\u00f3wno we Wroc\u0142awiu, ale tak\u017ce ju\u017c we Lwowie.<\/p>\n<p>Prosimy, by wszystkie zbierane artyku\u0142y (spo\u017cywcze, higieniczne itp.) by\u0142y segregowane zgodnie z ich rodzajem i przeznaczeniem, jak najbardziej szczeg\u00f3\u0142owo. Mowa tu o osobnych kartonach na np.:<\/p>\n<p>\u2013 kasze, makarony,<\/p>\n<p>\u2013 puszki, konserwy,<\/p>\n<p>\u2013 artyku\u0142y higieniczne \u2013 oddzielnie np. szczoteczki do z\u0119b\u00f3w, pasty, pieluchy, p\u0142yny do k\u0105pieli itd.<\/p>\n<p>Bardzo wa\u017cne jest, aby ka\u017cdy karton lub worek by\u0142 opatrzony informacj\u0105, co znajduje si\u0119 w \u015brodku! Prosimy nie zakleja\u0107 karton\u00f3w oraz pami\u0119ta\u0107 o tym aby pojedyncza paczka nie by\u0142a zbyt ci\u0119\u017cka. Warto przekaza\u0107 te informacje od razu osobom zainteresowanym przekazaniem<\/p>\n","protected":false},"excerpt":{"rendered":"<p>&nbsp; Od poniedzia\u0142ku rozpocznie si\u0119 zbi\u00f3rka dar\u00f3w. Po bezpo\u015brednich rozmowach z\u00a0naszymi Przyjaci\u00f3\u0142mi ze Lwowa wiemy, czego od nas potrzebuj\u0105. Zbierane b\u0119d\u0105 m.in.: \u2013 \u015bpiwory, koce, \u015brodki higieny osobistej takie jak [&hellip;]<\/p>\n","protected":false},"author":115,"featured_media":0,"comment_status":"closed","ping_status":"closed","sticky":false,"template":"","format":"standard","meta":{"ngg_post_thumbnail":0,"footnotes":""},"categories":[3],"tags":[],"class_list":["post-6392","post","type-post","status-publish","format-standard","hentry","category-aktualnosci","clearfix"],"_links":{"self":[{"href":"https:\/\/przedszkole18.edu.wroclaw.pl\/index.php\/wp-json\/wp\/v2\/posts\/6392","targetHints":{"allow":["GET"]}}],"collection":[{"href":"https:\/\/przedszkole18.edu.wroclaw.pl\/index.php\/wp-json\/wp\/v2\/posts"}],"about":[{"href":"https:\/\/przedszkole18.edu.wroclaw.pl\/index.php\/wp-json\/wp\/v2\/types\/post"}],"author":[{"embeddable":true,"href":"https:\/\/przedszkole18.edu.wroclaw.pl\/index.php\/wp-json\/wp\/v2\/users\/115"}],"replies":[{"embeddable":true,"href":"https:\/\/przedszkole18.edu.wroclaw.pl\/index.php\/wp-json\/wp\/v2\/comments?post=6392"}],"version-history":[{"count":2,"href":"https:\/\/przedszkole18.edu.wroclaw.pl\/index.php\/wp-json\/wp\/v2\/posts\/6392\/revisions"}],"predecessor-version":[{"id":6394,"href":"https:\/\/przedszkole18.edu.wroclaw.pl\/index.php\/wp-json\/wp\/v2\/posts\/6392\/revisions\/6394"}],"wp:attachment":[{"href":"https:\/\/przedszkole18.edu.wroclaw.pl\/index.php\/wp-json\/wp\/v2\/media?parent=6392"}],"wp:term":[{"taxonomy":"category","embeddable":true,"href":"https:\/\/przedszkole18.edu.wroclaw.pl\/index.php\/wp-json\/wp\/v2\/categories?post=6392"},{"taxonomy":"post_tag","embeddable":true,"href":"https:\/\/przedszkole18.edu.wroclaw.pl\/index.php\/wp-json\/wp\/v2\/tags?post=6392"}],"curies":[{"name":"wp","href":"https:\/\/api.w.org\/{rel}","templated":true}]}}