
{"id":6472,"date":"2022-03-08T17:40:10","date_gmt":"2022-03-08T16:40:10","guid":{"rendered":"https:\/\/przedszkole18.edu.wroclaw.pl\/?p=6472"},"modified":"2022-03-08T17:40:10","modified_gmt":"2022-03-08T16:40:10","slug":"kontynuacja-nowy-rok-szkolny","status":"publish","type":"post","link":"https:\/\/przedszkole18.edu.wroclaw.pl\/index.php\/2022\/03\/08\/kontynuacja-nowy-rok-szkolny\/","title":{"rendered":"Kontynuacja &#8211; nowy rok szkolny"},"content":{"rendered":"<p>Szanowni Pa\u0144stwo,\u00a0 zgodnie z harmonogramem rekrutacji w dniach od 8\u00a0 do 14 marca wype\u0142niacie i sk\u0142adacie Pa\u0144stwo w przedszkolu kontynuacj\u0119 wychowania przedszkolnego w naszym przedszkolu. Deklaracja dotyczy rocznik\u00f3w\u00a0 2018,2017,2016 W przypadku rezygnacji z przedszkola w deklaracji u\u017cywamy zwrotu &#8222;nie deklaruj\u0119&#8221;. Druk dokumentu przy drzwiach wej\u015bciowych za domofonem, lub do pobrania. <a href=\"https:\/\/przedszkole18.edu.wroclaw.pl\/wp-content\/uploads\/sites\/36\/2022\/03\/DEKLARACJA-O-KONTYNUOWANIU-WYCHOWANIA-PRZEDSZKOLNEGO-P-1-1.doc\">Deklaracja kontynuacji doc 29KB<\/a><\/p>\n","protected":false},"excerpt":{"rendered":"<p>Szanowni Pa\u0144stwo,\u00a0 zgodnie z harmonogramem rekrutacji w dniach od 8\u00a0 do 14 marca wype\u0142niacie i sk\u0142adacie Pa\u0144stwo w przedszkolu kontynuacj\u0119 wychowania przedszkolnego w naszym przedszkolu. Deklaracja dotyczy rocznik\u00f3w\u00a0 2018,2017,2016 W [&hellip;]<\/p>\n","protected":false},"author":115,"featured_media":6067,"comment_status":"closed","ping_status":"closed","sticky":false,"template":"","format":"standard","meta":{"ngg_post_thumbnail":0,"footnotes":""},"categories":[3],"tags":[],"class_list":["post-6472","post","type-post","status-publish","format-standard","has-post-thumbnail","hentry","category-aktualnosci","clearfix"],"_links":{"self":[{"href":"https:\/\/przedszkole18.edu.wroclaw.pl\/index.php\/wp-json\/wp\/v2\/posts\/6472","targetHints":{"allow":["GET"]}}],"collection":[{"href":"https:\/\/przedszkole18.edu.wroclaw.pl\/index.php\/wp-json\/wp\/v2\/posts"}],"about":[{"href":"https:\/\/przedszkole18.edu.wroclaw.pl\/index.php\/wp-json\/wp\/v2\/types\/post"}],"author":[{"embeddable":true,"href":"https:\/\/przedszkole18.edu.wroclaw.pl\/index.php\/wp-json\/wp\/v2\/users\/115"}],"replies":[{"embeddable":true,"href":"https:\/\/przedszkole18.edu.wroclaw.pl\/index.php\/wp-json\/wp\/v2\/comments?post=6472"}],"version-history":[{"count":1,"href":"https:\/\/przedszkole18.edu.wroclaw.pl\/index.php\/wp-json\/wp\/v2\/posts\/6472\/revisions"}],"predecessor-version":[{"id":6473,"href":"https:\/\/przedszkole18.edu.wroclaw.pl\/index.php\/wp-json\/wp\/v2\/posts\/6472\/revisions\/6473"}],"wp:featuredmedia":[{"embeddable":true,"href":"https:\/\/przedszkole18.edu.wroclaw.pl\/index.php\/wp-json\/wp\/v2\/media\/6067"}],"wp:attachment":[{"href":"https:\/\/przedszkole18.edu.wroclaw.pl\/index.php\/wp-json\/wp\/v2\/media?parent=6472"}],"wp:term":[{"taxonomy":"category","embeddable":true,"href":"https:\/\/przedszkole18.edu.wroclaw.pl\/index.php\/wp-json\/wp\/v2\/categories?post=6472"},{"taxonomy":"post_tag","embeddable":true,"href":"https:\/\/przedszkole18.edu.wroclaw.pl\/index.php\/wp-json\/wp\/v2\/tags?post=6472"}],"curies":[{"name":"wp","href":"https:\/\/api.w.org\/{rel}","templated":true}]}}