
{"id":6534,"date":"2022-03-19T22:57:06","date_gmt":"2022-03-19T21:57:06","guid":{"rendered":"https:\/\/przedszkole18.edu.wroclaw.pl\/?p=6534"},"modified":"2022-03-22T19:47:28","modified_gmt":"2022-03-22T18:47:28","slug":"wiolinkowe-powitanie-wiosny","status":"publish","type":"post","link":"https:\/\/przedszkole18.edu.wroclaw.pl\/index.php\/2022\/03\/19\/wiolinkowe-powitanie-wiosny\/","title":{"rendered":"Wiolinkowe powitanie wiosny"},"content":{"rendered":"<p>Szanowni Pa\u0144stwo,<\/p>\n<p>zach\u0119camy do obejrzenia kr\u00f3tkiego filmu nakr\u0119conego specjalnie z okazji nadchodz\u0105cego Dnia Wiosny.<br \/>\nNa stronach podgrup znajdziecie Pa\u0144stwo tak\u017ce pe\u0142n\u0105 wersje film\u00f3w.<\/p>\n<p>Ciep\u0142ej i radosnej wiosny \u017cycz\u0105 dzieci oraz za\u0142oga Wiolinka \ud83d\ude42<\/p>\n<p><iframe loading=\"lazy\" title=\"Wiolinkowe powitanie wiosny\" width=\"500\" height=\"281\" src=\"https:\/\/www.youtube.com\/embed\/SUN4mjDD3Zc?feature=oembed\" frameborder=\"0\" allow=\"accelerometer; autoplay; clipboard-write; encrypted-media; gyroscope; picture-in-picture; web-share\" referrerpolicy=\"strict-origin-when-cross-origin\" allowfullscreen><\/iframe><\/p>\n","protected":false},"excerpt":{"rendered":"<p>Szanowni Pa\u0144stwo, zach\u0119camy do obejrzenia kr\u00f3tkiego filmu nakr\u0119conego specjalnie z okazji nadchodz\u0105cego Dnia Wiosny. Na stronach podgrup znajdziecie Pa\u0144stwo tak\u017ce pe\u0142n\u0105 wersje film\u00f3w. Ciep\u0142ej i radosnej wiosny \u017cycz\u0105 dzieci oraz [&hellip;]<\/p>\n","protected":false},"author":144,"featured_media":6563,"comment_status":"closed","ping_status":"closed","sticky":false,"template":"","format":"standard","meta":{"ngg_post_thumbnail":0,"footnotes":""},"categories":[3],"tags":[],"class_list":["post-6534","post","type-post","status-publish","format-standard","has-post-thumbnail","hentry","category-aktualnosci","clearfix"],"_links":{"self":[{"href":"https:\/\/przedszkole18.edu.wroclaw.pl\/index.php\/wp-json\/wp\/v2\/posts\/6534","targetHints":{"allow":["GET"]}}],"collection":[{"href":"https:\/\/przedszkole18.edu.wroclaw.pl\/index.php\/wp-json\/wp\/v2\/posts"}],"about":[{"href":"https:\/\/przedszkole18.edu.wroclaw.pl\/index.php\/wp-json\/wp\/v2\/types\/post"}],"author":[{"embeddable":true,"href":"https:\/\/przedszkole18.edu.wroclaw.pl\/index.php\/wp-json\/wp\/v2\/users\/144"}],"replies":[{"embeddable":true,"href":"https:\/\/przedszkole18.edu.wroclaw.pl\/index.php\/wp-json\/wp\/v2\/comments?post=6534"}],"version-history":[{"count":3,"href":"https:\/\/przedszkole18.edu.wroclaw.pl\/index.php\/wp-json\/wp\/v2\/posts\/6534\/revisions"}],"predecessor-version":[{"id":6554,"href":"https:\/\/przedszkole18.edu.wroclaw.pl\/index.php\/wp-json\/wp\/v2\/posts\/6534\/revisions\/6554"}],"wp:featuredmedia":[{"embeddable":true,"href":"https:\/\/przedszkole18.edu.wroclaw.pl\/index.php\/wp-json\/wp\/v2\/media\/6563"}],"wp:attachment":[{"href":"https:\/\/przedszkole18.edu.wroclaw.pl\/index.php\/wp-json\/wp\/v2\/media?parent=6534"}],"wp:term":[{"taxonomy":"category","embeddable":true,"href":"https:\/\/przedszkole18.edu.wroclaw.pl\/index.php\/wp-json\/wp\/v2\/categories?post=6534"},{"taxonomy":"post_tag","embeddable":true,"href":"https:\/\/przedszkole18.edu.wroclaw.pl\/index.php\/wp-json\/wp\/v2\/tags?post=6534"}],"curies":[{"name":"wp","href":"https:\/\/api.w.org\/{rel}","templated":true}]}}