
{"id":6564,"date":"2022-03-23T17:25:03","date_gmt":"2022-03-23T16:25:03","guid":{"rendered":"https:\/\/przedszkole18.edu.wroclaw.pl\/?p=6564"},"modified":"2022-03-23T17:25:03","modified_gmt":"2022-03-23T16:25:03","slug":"wizyty-w-narodowym-forum-muzyki","status":"publish","type":"post","link":"https:\/\/przedszkole18.edu.wroclaw.pl\/index.php\/2022\/03\/23\/wizyty-w-narodowym-forum-muzyki\/","title":{"rendered":"Wizyty w Narodowym Forum Muzyki."},"content":{"rendered":"<p><strong><span style=\"color: #003366\">Szanowni Pa\u0144stwo, przedstawiam\u00a0 harmonogram planowanych i op\u0142aconych z bud\u017cetu przedszkola wizyt w Narodowym Forum Muzyki, odby\u0142y si\u0119 ju\u017c 2 z planowanych wyj\u015b\u0107:<\/span><\/strong><strong><span style=\"color: #003366\">16 marca grupa\u00a0 IV a \/Koza -taniec wielkopolski\/, <\/span><\/strong><strong><span style=\"color: #003366\">18 marca grupa IV \/Dynamiczna dynamika\/ <\/span><\/strong><\/p>\n<p><strong><span style=\"color: #003366\">Przed nami jeszcze: <\/span><\/strong><\/p>\n<p><strong><span style=\"color: #003366\">6 kwietnia grupa III a \/Zaj\u0105czek- taniec \u015bl\u0105ski\/ godzina 10.40 <\/span><\/strong><\/p>\n<p><strong><span style=\"color: #003366\">18 maja grupa IV\u00a0 \/Taniec wielkopolski\/ godzina 10.40<\/span><\/strong><\/p>\n<p><strong><span style=\"color: #003366\">20 maja grupa III a \/Artykulacyjne atrakcje\/ godzina 11.30<\/span><\/strong><\/p>\n<p><strong><span style=\"color: #003366\">15 czerwca grupa IV a \/Taniec kaszubski\/godzina 9.50<\/span><\/strong><\/p>\n<p><strong><span style=\"color: #003366\">3 czerwca grupa II, III \/Muzyczne zabawy\/ godzina 10.40 <\/span><\/strong><\/p>\n<p><strong><span style=\"color: #003366\">Z uwagi na organizacj\u0119 pracy,\u00a0 istnieje\u00a0 mo\u017cliwo\u015b\u0107 zamiany\u00a0 grup wychodz\u0105cych.<\/span> <\/strong><\/p>\n","protected":false},"excerpt":{"rendered":"<p>Szanowni Pa\u0144stwo, przedstawiam\u00a0 harmonogram planowanych i op\u0142aconych z bud\u017cetu przedszkola wizyt w Narodowym Forum Muzyki, odby\u0142y si\u0119 ju\u017c 2 z planowanych wyj\u015b\u0107:16 marca grupa\u00a0 IV a \/Koza -taniec wielkopolski\/, 18 [&hellip;]<\/p>\n","protected":false},"author":115,"featured_media":0,"comment_status":"closed","ping_status":"closed","sticky":false,"template":"","format":"standard","meta":{"ngg_post_thumbnail":0,"footnotes":""},"categories":[3],"tags":[],"class_list":["post-6564","post","type-post","status-publish","format-standard","hentry","category-aktualnosci","clearfix"],"_links":{"self":[{"href":"https:\/\/przedszkole18.edu.wroclaw.pl\/index.php\/wp-json\/wp\/v2\/posts\/6564","targetHints":{"allow":["GET"]}}],"collection":[{"href":"https:\/\/przedszkole18.edu.wroclaw.pl\/index.php\/wp-json\/wp\/v2\/posts"}],"about":[{"href":"https:\/\/przedszkole18.edu.wroclaw.pl\/index.php\/wp-json\/wp\/v2\/types\/post"}],"author":[{"embeddable":true,"href":"https:\/\/przedszkole18.edu.wroclaw.pl\/index.php\/wp-json\/wp\/v2\/users\/115"}],"replies":[{"embeddable":true,"href":"https:\/\/przedszkole18.edu.wroclaw.pl\/index.php\/wp-json\/wp\/v2\/comments?post=6564"}],"version-history":[{"count":1,"href":"https:\/\/przedszkole18.edu.wroclaw.pl\/index.php\/wp-json\/wp\/v2\/posts\/6564\/revisions"}],"predecessor-version":[{"id":6565,"href":"https:\/\/przedszkole18.edu.wroclaw.pl\/index.php\/wp-json\/wp\/v2\/posts\/6564\/revisions\/6565"}],"wp:attachment":[{"href":"https:\/\/przedszkole18.edu.wroclaw.pl\/index.php\/wp-json\/wp\/v2\/media?parent=6564"}],"wp:term":[{"taxonomy":"category","embeddable":true,"href":"https:\/\/przedszkole18.edu.wroclaw.pl\/index.php\/wp-json\/wp\/v2\/categories?post=6564"},{"taxonomy":"post_tag","embeddable":true,"href":"https:\/\/przedszkole18.edu.wroclaw.pl\/index.php\/wp-json\/wp\/v2\/tags?post=6564"}],"curies":[{"name":"wp","href":"https:\/\/api.w.org\/{rel}","templated":true}]}}