
{"id":6567,"date":"2022-03-24T12:55:43","date_gmt":"2022-03-24T11:55:43","guid":{"rendered":"https:\/\/przedszkole18.edu.wroclaw.pl\/?p=6567"},"modified":"2022-03-24T12:55:43","modified_gmt":"2022-03-24T11:55:43","slug":"dzien-zabawki","status":"publish","type":"post","link":"https:\/\/przedszkole18.edu.wroclaw.pl\/index.php\/2022\/03\/24\/dzien-zabawki\/","title":{"rendered":"Dzie\u0144 zabawki."},"content":{"rendered":"<p><strong><span style=\"color: #003366\">KOCHANE DZIECI ! <\/span><\/strong><\/p>\n<p><strong><span style=\"color: #003366\">W PI\u0104TEK 25 MARCA MO\u017bECIE PRZYNIE\u015a\u0106 DO PRZEDSZKOLA SWOJ\u0104 ULUBION\u0104 ZABAWK\u0118, PROSZ\u0118 PAMI\u0118TAJCIE ZAPYTA\u0106 RODZIC\u00d3W,\u00a0 CZY ZABAWKA , KT\u00d3RA WYBRALI\u015aCIE JEST,\u00a0 W\u0141A\u015aCIWA W OCZACH DOROS\u0141YCH. <\/span><\/strong><\/p>\n<p><strong><span style=\"color: #003366\">POZDRAWIAM\u00a0 I \u017bYCZ\u0118 ZGODNEJ ZABAWY.<\/span> <\/strong><\/p>\n","protected":false},"excerpt":{"rendered":"<p>KOCHANE DZIECI ! W PI\u0104TEK 25 MARCA MO\u017bECIE PRZYNIE\u015a\u0106 DO PRZEDSZKOLA SWOJ\u0104 ULUBION\u0104 ZABAWK\u0118, PROSZ\u0118 PAMI\u0118TAJCIE ZAPYTA\u0106 RODZIC\u00d3W,\u00a0 CZY ZABAWKA , KT\u00d3RA WYBRALI\u015aCIE JEST,\u00a0 W\u0141A\u015aCIWA W OCZACH DOROS\u0141YCH. POZDRAWIAM\u00a0 I [&hellip;]<\/p>\n","protected":false},"author":115,"featured_media":6457,"comment_status":"closed","ping_status":"closed","sticky":false,"template":"","format":"standard","meta":{"ngg_post_thumbnail":0,"footnotes":""},"categories":[3],"tags":[],"class_list":["post-6567","post","type-post","status-publish","format-standard","has-post-thumbnail","hentry","category-aktualnosci","clearfix"],"_links":{"self":[{"href":"https:\/\/przedszkole18.edu.wroclaw.pl\/index.php\/wp-json\/wp\/v2\/posts\/6567","targetHints":{"allow":["GET"]}}],"collection":[{"href":"https:\/\/przedszkole18.edu.wroclaw.pl\/index.php\/wp-json\/wp\/v2\/posts"}],"about":[{"href":"https:\/\/przedszkole18.edu.wroclaw.pl\/index.php\/wp-json\/wp\/v2\/types\/post"}],"author":[{"embeddable":true,"href":"https:\/\/przedszkole18.edu.wroclaw.pl\/index.php\/wp-json\/wp\/v2\/users\/115"}],"replies":[{"embeddable":true,"href":"https:\/\/przedszkole18.edu.wroclaw.pl\/index.php\/wp-json\/wp\/v2\/comments?post=6567"}],"version-history":[{"count":1,"href":"https:\/\/przedszkole18.edu.wroclaw.pl\/index.php\/wp-json\/wp\/v2\/posts\/6567\/revisions"}],"predecessor-version":[{"id":6568,"href":"https:\/\/przedszkole18.edu.wroclaw.pl\/index.php\/wp-json\/wp\/v2\/posts\/6567\/revisions\/6568"}],"wp:featuredmedia":[{"embeddable":true,"href":"https:\/\/przedszkole18.edu.wroclaw.pl\/index.php\/wp-json\/wp\/v2\/media\/6457"}],"wp:attachment":[{"href":"https:\/\/przedszkole18.edu.wroclaw.pl\/index.php\/wp-json\/wp\/v2\/media?parent=6567"}],"wp:term":[{"taxonomy":"category","embeddable":true,"href":"https:\/\/przedszkole18.edu.wroclaw.pl\/index.php\/wp-json\/wp\/v2\/categories?post=6567"},{"taxonomy":"post_tag","embeddable":true,"href":"https:\/\/przedszkole18.edu.wroclaw.pl\/index.php\/wp-json\/wp\/v2\/tags?post=6567"}],"curies":[{"name":"wp","href":"https:\/\/api.w.org\/{rel}","templated":true}]}}