
{"id":6570,"date":"2022-03-24T22:46:17","date_gmt":"2022-03-24T21:46:17","guid":{"rendered":"https:\/\/przedszkole18.edu.wroclaw.pl\/?p=6570"},"modified":"2022-03-24T22:46:17","modified_gmt":"2022-03-24T21:46:17","slug":"rekrutacja-do-szkol-muzycznych","status":"publish","type":"post","link":"https:\/\/przedszkole18.edu.wroclaw.pl\/index.php\/2022\/03\/24\/rekrutacja-do-szkol-muzycznych\/","title":{"rendered":"Rekrutacja do szk\u00f3\u0142 muzycznych"},"content":{"rendered":"<p><em>Szanowni Pa\u0144stwo,<\/em><\/p>\n<p>w zwi\u0105zku z trwaj\u0105c\u0105 rekrutacj\u0105 do wroc\u0142awskich szk\u00f3\u0142 muzycznych, zapraszamy rodzic\u00f3w dzieci sze\u015bcioletnich, zainteresowanych kontynuacj\u0105 &#8211; b\u0105d\u017a rozpocz\u0119ciem &#8211; przez dzieci nauki gry na instrumencie, na spotkanie, kt\u00f3re odb\u0119dzie si\u0119 w <span style=\"font-size: 14pt\"><strong>czwartek, 31.03.2022<\/strong><\/span> o godzinie<strong><span style=\"font-size: 14pt\"> 16.00 <\/span><\/strong><span style=\"font-size: 14pt\"><span style=\"font-size: 12pt\">w sali muzycznej<\/span><\/span> (parter).<\/p>\n<p>Na spotkaniu postaramy przybli\u017cy\u0107 si\u0119 Pa\u0144stwu specyfik\u0119 kszta\u0142cenia w szkolnictwie muzycznym oraz zakres wymaga\u0144 obowi\u0105zuj\u0105cy podczas bada\u0144 przydatno\u015bci muzycznej kandydat\u00f3w.<\/p>\n<p>Ponadto w zak\u0142adce &#8222;Dzia\u0142ania muzyczne&#8221; zamie\u015bcili\u015bmy informacje o terminach sk\u0142adania dokument\u00f3w rekrutacyjnych do publicznych szk\u00f3\u0142 muzycznych we Wroc\u0142awiu wraz z linkami stron internetowych plac\u00f3wek.<\/p>\n<p>&nbsp;<\/p>\n<p style=\"text-align: right\">Nauczyciele muzyki<\/p>\n","protected":false},"excerpt":{"rendered":"<p>Szanowni Pa\u0144stwo, w zwi\u0105zku z trwaj\u0105c\u0105 rekrutacj\u0105 do wroc\u0142awskich szk\u00f3\u0142 muzycznych, zapraszamy rodzic\u00f3w dzieci sze\u015bcioletnich, zainteresowanych kontynuacj\u0105 &#8211; b\u0105d\u017a rozpocz\u0119ciem &#8211; przez dzieci nauki gry na instrumencie, na spotkanie, kt\u00f3re [&hellip;]<\/p>\n","protected":false},"author":105,"featured_media":3730,"comment_status":"closed","ping_status":"closed","sticky":false,"template":"","format":"standard","meta":{"ngg_post_thumbnail":0,"footnotes":""},"categories":[3],"tags":[],"class_list":["post-6570","post","type-post","status-publish","format-standard","has-post-thumbnail","hentry","category-aktualnosci","clearfix"],"_links":{"self":[{"href":"https:\/\/przedszkole18.edu.wroclaw.pl\/index.php\/wp-json\/wp\/v2\/posts\/6570","targetHints":{"allow":["GET"]}}],"collection":[{"href":"https:\/\/przedszkole18.edu.wroclaw.pl\/index.php\/wp-json\/wp\/v2\/posts"}],"about":[{"href":"https:\/\/przedszkole18.edu.wroclaw.pl\/index.php\/wp-json\/wp\/v2\/types\/post"}],"author":[{"embeddable":true,"href":"https:\/\/przedszkole18.edu.wroclaw.pl\/index.php\/wp-json\/wp\/v2\/users\/105"}],"replies":[{"embeddable":true,"href":"https:\/\/przedszkole18.edu.wroclaw.pl\/index.php\/wp-json\/wp\/v2\/comments?post=6570"}],"version-history":[{"count":1,"href":"https:\/\/przedszkole18.edu.wroclaw.pl\/index.php\/wp-json\/wp\/v2\/posts\/6570\/revisions"}],"predecessor-version":[{"id":6571,"href":"https:\/\/przedszkole18.edu.wroclaw.pl\/index.php\/wp-json\/wp\/v2\/posts\/6570\/revisions\/6571"}],"wp:featuredmedia":[{"embeddable":true,"href":"https:\/\/przedszkole18.edu.wroclaw.pl\/index.php\/wp-json\/wp\/v2\/media\/3730"}],"wp:attachment":[{"href":"https:\/\/przedszkole18.edu.wroclaw.pl\/index.php\/wp-json\/wp\/v2\/media?parent=6570"}],"wp:term":[{"taxonomy":"category","embeddable":true,"href":"https:\/\/przedszkole18.edu.wroclaw.pl\/index.php\/wp-json\/wp\/v2\/categories?post=6570"},{"taxonomy":"post_tag","embeddable":true,"href":"https:\/\/przedszkole18.edu.wroclaw.pl\/index.php\/wp-json\/wp\/v2\/tags?post=6570"}],"curies":[{"name":"wp","href":"https:\/\/api.w.org\/{rel}","templated":true}]}}