
{"id":6594,"date":"2022-03-29T15:10:27","date_gmt":"2022-03-29T13:10:27","guid":{"rendered":"https:\/\/przedszkole18.edu.wroclaw.pl\/?p=6594"},"modified":"2022-03-29T15:10:27","modified_gmt":"2022-03-29T13:10:27","slug":"szanowni-panstwo-11","status":"publish","type":"post","link":"https:\/\/przedszkole18.edu.wroclaw.pl\/index.php\/2022\/03\/29\/szanowni-panstwo-11\/","title":{"rendered":"Szanowni Pa\u0144stwo !"},"content":{"rendered":"<p><span style=\"color: #000080;font-size: 14pt\"><strong>Wracamy\u00a0 do zwyczaju,\u00a0 przynoszenia przez dzieci\u00a0 <u>w pi\u0105tek zabawki<\/u>, \u00a0pami\u0119tajmy \u00a0dzieci przynosz\u0105 jedn\u0105 zabawk\u0119, kt\u00f3r\u0105 wsp\u00f3lnie z Wami uznaj\u0105 za w\u0142a\u015bciw\u0105.<\/strong><\/span><\/p>\n<ol>\n<li><span style=\"color: #000080\"><strong><span style=\"font-size: 14pt\"><span style=\"color: #000080\">Do przedszkola <\/span><u><span style=\"color: #000080\">przyprowadzamy wy\u0142\u0105cznie dzieci zdrowe w godzinach \u00a06.30-8.30<\/span> <\/u><\/span><\/strong><\/span><\/li>\n<li><span style=\"color: #000080\"><strong><span style=\"font-size: 14pt\">Dzieci odbieraj\u0105 od Pa\u0144stwa pracownicy przedszkola \u2013 <u>nadal utrzymujemy poranny dy\u017cur,<\/u> kt\u00f3ry pozwala na sprawne przej\u0119cie dzieci, \u00a0a pa\u0144stwu u\u0142atwi dojazd do pracy na czas. \u00a0\u00a0<\/span><\/strong><\/span><\/li>\n<li><span style=\"color: #000080\"><strong><span style=\"font-size: 14pt\"><span style=\"color: #000080\">Od poniedzia\u0142ku \/ 04 kwietnia\/ przy odbiorze dzieci otwieramy\u00a0 szatnie przedszkola dla wszystkich grup. Przejmujecie wi\u0119c \u00a0Pa\u0144stwo opiek\u0119<\/span> nad dzie\u0107mi ju\u017c w \u00a0szatni. \u00a0\u00a0\u00a0Prosz\u0119 o sprawne \u00a0opuszczanie szatni, \u00a0by nie powodowa\u0107 niepotrzebnego t\u0142oku. \u00a0Poruszacie si\u0119 \u00a0Pa\u0144stwo tylko w szatni, nie wyra\u017cam zgody na wchodzenie do sal przedszkolnych.<\/span><\/strong><\/span><\/li>\n<\/ol>\n<p><span style=\"color: #000080\"><strong><em><span style=\"font-size: 14pt\">Do sal przedszkolnych , stopniowo wracaj\u0105\u00a0 zabawki,\u00a0 kt\u00f3re cierpliwie czeka\u0142y na w\u0142a\u015bciwy moment. \u017bycz\u0119 du\u017co zdrowia i ciesz\u0119 si\u0119 wsp\u00f3lnie z Pa\u0144stwem, z powrotu do\u00a0 warunk\u00f3w, w kt\u00f3rych \u0142atwiej i przyjemniej nam \u017cy\u0107.\u00a0 Pozdrawiam ciep\u0142o dyrektor plac\u00f3wki.\u00a0 \u00a0 <img loading=\"lazy\" decoding=\"async\" class=\"alignleft wp-image-6280\" src=\"https:\/\/przedszkole18.edu.wroclaw.pl\/wp-content\/uploads\/sites\/36\/2022\/02\/marzec-300x214.jpg\" alt=\"\" width=\"184\" height=\"131\" \/><\/span> <\/em><\/strong><\/span><\/p>\n<p>&nbsp;<\/p>\n","protected":false},"excerpt":{"rendered":"<p>Wracamy\u00a0 do zwyczaju,\u00a0 przynoszenia przez dzieci\u00a0 w pi\u0105tek zabawki, \u00a0pami\u0119tajmy \u00a0dzieci przynosz\u0105 jedn\u0105 zabawk\u0119, kt\u00f3r\u0105 wsp\u00f3lnie z Wami uznaj\u0105 za w\u0142a\u015bciw\u0105. Do przedszkola przyprowadzamy wy\u0142\u0105cznie dzieci zdrowe w godzinach \u00a06.30-8.30 [&hellip;]<\/p>\n","protected":false},"author":115,"featured_media":6067,"comment_status":"closed","ping_status":"closed","sticky":false,"template":"","format":"standard","meta":{"ngg_post_thumbnail":0,"footnotes":""},"categories":[3],"tags":[],"class_list":["post-6594","post","type-post","status-publish","format-standard","has-post-thumbnail","hentry","category-aktualnosci","clearfix"],"_links":{"self":[{"href":"https:\/\/przedszkole18.edu.wroclaw.pl\/index.php\/wp-json\/wp\/v2\/posts\/6594","targetHints":{"allow":["GET"]}}],"collection":[{"href":"https:\/\/przedszkole18.edu.wroclaw.pl\/index.php\/wp-json\/wp\/v2\/posts"}],"about":[{"href":"https:\/\/przedszkole18.edu.wroclaw.pl\/index.php\/wp-json\/wp\/v2\/types\/post"}],"author":[{"embeddable":true,"href":"https:\/\/przedszkole18.edu.wroclaw.pl\/index.php\/wp-json\/wp\/v2\/users\/115"}],"replies":[{"embeddable":true,"href":"https:\/\/przedszkole18.edu.wroclaw.pl\/index.php\/wp-json\/wp\/v2\/comments?post=6594"}],"version-history":[{"count":1,"href":"https:\/\/przedszkole18.edu.wroclaw.pl\/index.php\/wp-json\/wp\/v2\/posts\/6594\/revisions"}],"predecessor-version":[{"id":6595,"href":"https:\/\/przedszkole18.edu.wroclaw.pl\/index.php\/wp-json\/wp\/v2\/posts\/6594\/revisions\/6595"}],"wp:featuredmedia":[{"embeddable":true,"href":"https:\/\/przedszkole18.edu.wroclaw.pl\/index.php\/wp-json\/wp\/v2\/media\/6067"}],"wp:attachment":[{"href":"https:\/\/przedszkole18.edu.wroclaw.pl\/index.php\/wp-json\/wp\/v2\/media?parent=6594"}],"wp:term":[{"taxonomy":"category","embeddable":true,"href":"https:\/\/przedszkole18.edu.wroclaw.pl\/index.php\/wp-json\/wp\/v2\/categories?post=6594"},{"taxonomy":"post_tag","embeddable":true,"href":"https:\/\/przedszkole18.edu.wroclaw.pl\/index.php\/wp-json\/wp\/v2\/tags?post=6594"}],"curies":[{"name":"wp","href":"https:\/\/api.w.org\/{rel}","templated":true}]}}