
{"id":6648,"date":"2022-04-14T13:53:12","date_gmt":"2022-04-14T11:53:12","guid":{"rendered":"https:\/\/przedszkole18.edu.wroclaw.pl\/?p=6648"},"modified":"2022-04-14T13:53:12","modified_gmt":"2022-04-14T11:53:12","slug":"wizyta-artident","status":"publish","type":"post","link":"https:\/\/przedszkole18.edu.wroclaw.pl\/index.php\/2022\/04\/14\/wizyta-artident\/","title":{"rendered":"Wizyta ARTIDENT"},"content":{"rendered":"<p>Szanowni Pa\u0144stwo,\u00a0 wracamy do programu &#8222;Przeciwdzia\u0142anie i profilaktyka pr\u00f3chnicy z\u0119b\u00f3w.&#8221; Nasze pierwsze dzia\u0142ania wi\u0105\u017c\u0105 si\u0119 z wizyt\u0105 stomatologa w plac\u00f3wce, w planie kr\u00f3tka pogadanka i teatrzyk, wszystko by u\u015bwiadomi\u0107 dzieciom\u00a0 wag\u0119,\u00a0 jak\u0105 winni przywi\u0105zywa\u0107 do prawid\u0142owego i systematycznego\u00a0 mycia z\u0119b\u00f3w. Spotkanie z dzie\u0107mi godzina 9.00.<\/p>\n<p>Zapraszamy tak\u017ce\u00a0 zainteresowanych tematem rodzic\u00f3w,\u00a0 na konsultacje indywidualne ze stomatologiem w godzinach 15.00- 16.00. Pozdrawiam dyrektor plac\u00f3wki Lidia Walczak-I\u017cycka<\/p>\n","protected":false},"excerpt":{"rendered":"<p>Szanowni Pa\u0144stwo,\u00a0 wracamy do programu &#8222;Przeciwdzia\u0142anie i profilaktyka pr\u00f3chnicy z\u0119b\u00f3w.&#8221; Nasze pierwsze dzia\u0142ania wi\u0105\u017c\u0105 si\u0119 z wizyt\u0105 stomatologa w plac\u00f3wce, w planie kr\u00f3tka pogadanka i teatrzyk, wszystko by u\u015bwiadomi\u0107 dzieciom\u00a0 [&hellip;]<\/p>\n","protected":false},"author":115,"featured_media":6067,"comment_status":"closed","ping_status":"closed","sticky":false,"template":"","format":"standard","meta":{"ngg_post_thumbnail":0,"footnotes":""},"categories":[3],"tags":[],"class_list":["post-6648","post","type-post","status-publish","format-standard","has-post-thumbnail","hentry","category-aktualnosci","clearfix"],"_links":{"self":[{"href":"https:\/\/przedszkole18.edu.wroclaw.pl\/index.php\/wp-json\/wp\/v2\/posts\/6648","targetHints":{"allow":["GET"]}}],"collection":[{"href":"https:\/\/przedszkole18.edu.wroclaw.pl\/index.php\/wp-json\/wp\/v2\/posts"}],"about":[{"href":"https:\/\/przedszkole18.edu.wroclaw.pl\/index.php\/wp-json\/wp\/v2\/types\/post"}],"author":[{"embeddable":true,"href":"https:\/\/przedszkole18.edu.wroclaw.pl\/index.php\/wp-json\/wp\/v2\/users\/115"}],"replies":[{"embeddable":true,"href":"https:\/\/przedszkole18.edu.wroclaw.pl\/index.php\/wp-json\/wp\/v2\/comments?post=6648"}],"version-history":[{"count":1,"href":"https:\/\/przedszkole18.edu.wroclaw.pl\/index.php\/wp-json\/wp\/v2\/posts\/6648\/revisions"}],"predecessor-version":[{"id":6649,"href":"https:\/\/przedszkole18.edu.wroclaw.pl\/index.php\/wp-json\/wp\/v2\/posts\/6648\/revisions\/6649"}],"wp:featuredmedia":[{"embeddable":true,"href":"https:\/\/przedszkole18.edu.wroclaw.pl\/index.php\/wp-json\/wp\/v2\/media\/6067"}],"wp:attachment":[{"href":"https:\/\/przedszkole18.edu.wroclaw.pl\/index.php\/wp-json\/wp\/v2\/media?parent=6648"}],"wp:term":[{"taxonomy":"category","embeddable":true,"href":"https:\/\/przedszkole18.edu.wroclaw.pl\/index.php\/wp-json\/wp\/v2\/categories?post=6648"},{"taxonomy":"post_tag","embeddable":true,"href":"https:\/\/przedszkole18.edu.wroclaw.pl\/index.php\/wp-json\/wp\/v2\/tags?post=6648"}],"curies":[{"name":"wp","href":"https:\/\/api.w.org\/{rel}","templated":true}]}}