
{"id":665,"date":"2019-02-08T10:56:43","date_gmt":"2019-02-08T09:56:43","guid":{"rendered":"https:\/\/przedszkole18.edu.wroclaw.pl\/?p=665"},"modified":"2019-02-08T10:57:42","modified_gmt":"2019-02-08T09:57:42","slug":"luty-w-grupie-iv","status":"publish","type":"post","link":"https:\/\/przedszkole18.edu.wroclaw.pl\/index.php\/2019\/02\/08\/luty-w-grupie-iv\/","title":{"rendered":"Luty w grupie IV"},"content":{"rendered":"<p>Tematyka:<\/p>\n<p>I. Temat tygodnia: Tydzie\u0144 Bajek Polskich<br \/>\nII. Temat tygodnia: Ba\u015bnie , bajki , bajeczki<br \/>\nIII. Temat tygodnia: Muzyka wok\u00f3\u0142 nas<br \/>\nIV. Temat tygodnia : Nie jeste\u015bmy sami w kosmosie<\/p>\n<p>Wiadomo\u015bci i umiej\u0119tno\u015bci dzieci:<br \/>\n&#8211; poznajemy wielk\u0105 i ma\u0142\u0105 liter\u0119 W, w G ,g ,P, p<br \/>\n&#8211; doskonalimy s\u0142uch fonematyczny oraz dzielenie s\u0142\u00f3w na sylaby , g\u0142oski w nag\u0142osie , \u015br\u00f3dg\u0142osie i wyg\u0142osie<br \/>\n&#8211; poszerzamy wiedz\u0119 o poj\u0119cia legenda, ba\u015b\u0144, bajka<br \/>\n&#8211; poznajemy terminy zwi\u0105zane z muzyk\u0105 , teatrem, kosmosem<br \/>\n&#8211; uk\u0142adamy i opowiadamy historyjki obrazkowe<br \/>\n&#8211; liczymy z przekroczeniem progu dziesi\u0119tnego, utrwalamy znaki matematyczne poznajemy zapis graficzny cyfry 9<br \/>\n&#8211; aktywnie uczestniczy w \u0107wiczeniach gimnastycznych<br \/>\n&#8211; uk\u0142adamy wyrazy w zakresie poznanych liter, czytamy w zakresie poznanych liter<br \/>\n&#8211; poznajemy wielkich Polak\u00f3w Fryderyka Chopina, Miko\u0142aja Kopernika<br \/>\n&#8211; poznajemy nazwy i rodzaje instrument\u00f3w muzycznych, nazwy planet, i niekt\u00f3rych gwiazdozbior\u00f3w<\/p>\n<p>Szanowni Pa\u0144stwo Prosimy o przyniesienie papieru do rysowania oraz chusteczek higienicznych<\/p>\n","protected":false},"excerpt":{"rendered":"<p>Tematyka: I. Temat tygodnia: Tydzie\u0144 Bajek Polskich II. Temat tygodnia: Ba\u015bnie , bajki , bajeczki III. Temat tygodnia: Muzyka wok\u00f3\u0142 nas IV. Temat tygodnia : Nie jeste\u015bmy sami w kosmosie [&hellip;]<\/p>\n","protected":false},"author":103,"featured_media":629,"comment_status":"closed","ping_status":"closed","sticky":false,"template":"","format":"standard","meta":{"ngg_post_thumbnail":0,"footnotes":""},"categories":[3],"tags":[],"class_list":["post-665","post","type-post","status-publish","format-standard","has-post-thumbnail","hentry","category-aktualnosci","clearfix"],"_links":{"self":[{"href":"https:\/\/przedszkole18.edu.wroclaw.pl\/index.php\/wp-json\/wp\/v2\/posts\/665","targetHints":{"allow":["GET"]}}],"collection":[{"href":"https:\/\/przedszkole18.edu.wroclaw.pl\/index.php\/wp-json\/wp\/v2\/posts"}],"about":[{"href":"https:\/\/przedszkole18.edu.wroclaw.pl\/index.php\/wp-json\/wp\/v2\/types\/post"}],"author":[{"embeddable":true,"href":"https:\/\/przedszkole18.edu.wroclaw.pl\/index.php\/wp-json\/wp\/v2\/users\/103"}],"replies":[{"embeddable":true,"href":"https:\/\/przedszkole18.edu.wroclaw.pl\/index.php\/wp-json\/wp\/v2\/comments?post=665"}],"version-history":[{"count":2,"href":"https:\/\/przedszkole18.edu.wroclaw.pl\/index.php\/wp-json\/wp\/v2\/posts\/665\/revisions"}],"predecessor-version":[{"id":667,"href":"https:\/\/przedszkole18.edu.wroclaw.pl\/index.php\/wp-json\/wp\/v2\/posts\/665\/revisions\/667"}],"wp:featuredmedia":[{"embeddable":true,"href":"https:\/\/przedszkole18.edu.wroclaw.pl\/index.php\/wp-json\/wp\/v2\/media\/629"}],"wp:attachment":[{"href":"https:\/\/przedszkole18.edu.wroclaw.pl\/index.php\/wp-json\/wp\/v2\/media?parent=665"}],"wp:term":[{"taxonomy":"category","embeddable":true,"href":"https:\/\/przedszkole18.edu.wroclaw.pl\/index.php\/wp-json\/wp\/v2\/categories?post=665"},{"taxonomy":"post_tag","embeddable":true,"href":"https:\/\/przedszkole18.edu.wroclaw.pl\/index.php\/wp-json\/wp\/v2\/tags?post=665"}],"curies":[{"name":"wp","href":"https:\/\/api.w.org\/{rel}","templated":true}]}}