
{"id":6685,"date":"2022-04-25T14:55:23","date_gmt":"2022-04-25T12:55:23","guid":{"rendered":"https:\/\/przedszkole18.edu.wroclaw.pl\/?p=6685"},"modified":"2022-04-25T15:00:36","modified_gmt":"2022-04-25T13:00:36","slug":"wakacje-w-placowce","status":"publish","type":"post","link":"https:\/\/przedszkole18.edu.wroclaw.pl\/index.php\/2022\/04\/25\/wakacje-w-placowce\/","title":{"rendered":"Wakacje w plac\u00f3wce!"},"content":{"rendered":"<p><em><span style=\"font-size: 14pt\">Szanowni Pa\u0144stwo,\u00a0 prosz\u0119 o zapoznanie si\u0119 z informacjami dotycz\u0105cymi przerwy wakacyjnej w naszej plac\u00f3wce. Informacje zawarte na stronie w zak\u0142adce \/Dla rodzic\u00f3w\u00a0 &#8211; przerwa wakacyjna\/\u00a0 bardzo prosz\u0119 o przestrzeganie termin\u00f3w zawartych w informacji.<\/span><\/em><\/p>\n<p><em><span style=\"font-size: 14pt\"> Pozdrawiam i \u017cycz\u0119 zdrowia dyrektor plac\u00f3wki. Lidia Walczak-I\u017cycka \u00a0<\/span> <\/em><\/p>\n","protected":false},"excerpt":{"rendered":"<p>Szanowni Pa\u0144stwo,\u00a0 prosz\u0119 o zapoznanie si\u0119 z informacjami dotycz\u0105cymi przerwy wakacyjnej w naszej plac\u00f3wce. Informacje zawarte na stronie w zak\u0142adce \/Dla rodzic\u00f3w\u00a0 &#8211; przerwa wakacyjna\/\u00a0 bardzo prosz\u0119 o przestrzeganie termin\u00f3w [&hellip;]<\/p>\n","protected":false},"author":115,"featured_media":6068,"comment_status":"closed","ping_status":"closed","sticky":false,"template":"","format":"standard","meta":{"ngg_post_thumbnail":0,"footnotes":""},"categories":[3],"tags":[],"class_list":["post-6685","post","type-post","status-publish","format-standard","has-post-thumbnail","hentry","category-aktualnosci","clearfix"],"_links":{"self":[{"href":"https:\/\/przedszkole18.edu.wroclaw.pl\/index.php\/wp-json\/wp\/v2\/posts\/6685","targetHints":{"allow":["GET"]}}],"collection":[{"href":"https:\/\/przedszkole18.edu.wroclaw.pl\/index.php\/wp-json\/wp\/v2\/posts"}],"about":[{"href":"https:\/\/przedszkole18.edu.wroclaw.pl\/index.php\/wp-json\/wp\/v2\/types\/post"}],"author":[{"embeddable":true,"href":"https:\/\/przedszkole18.edu.wroclaw.pl\/index.php\/wp-json\/wp\/v2\/users\/115"}],"replies":[{"embeddable":true,"href":"https:\/\/przedszkole18.edu.wroclaw.pl\/index.php\/wp-json\/wp\/v2\/comments?post=6685"}],"version-history":[{"count":3,"href":"https:\/\/przedszkole18.edu.wroclaw.pl\/index.php\/wp-json\/wp\/v2\/posts\/6685\/revisions"}],"predecessor-version":[{"id":6689,"href":"https:\/\/przedszkole18.edu.wroclaw.pl\/index.php\/wp-json\/wp\/v2\/posts\/6685\/revisions\/6689"}],"wp:featuredmedia":[{"embeddable":true,"href":"https:\/\/przedszkole18.edu.wroclaw.pl\/index.php\/wp-json\/wp\/v2\/media\/6068"}],"wp:attachment":[{"href":"https:\/\/przedszkole18.edu.wroclaw.pl\/index.php\/wp-json\/wp\/v2\/media?parent=6685"}],"wp:term":[{"taxonomy":"category","embeddable":true,"href":"https:\/\/przedszkole18.edu.wroclaw.pl\/index.php\/wp-json\/wp\/v2\/categories?post=6685"},{"taxonomy":"post_tag","embeddable":true,"href":"https:\/\/przedszkole18.edu.wroclaw.pl\/index.php\/wp-json\/wp\/v2\/tags?post=6685"}],"curies":[{"name":"wp","href":"https:\/\/api.w.org\/{rel}","templated":true}]}}