
{"id":6737,"date":"2022-05-07T14:45:08","date_gmt":"2022-05-07T12:45:08","guid":{"rendered":"https:\/\/przedszkole18.edu.wroclaw.pl\/?p=6737"},"modified":"2022-05-09T10:44:36","modified_gmt":"2022-05-09T08:44:36","slug":"mile-widziana-pomoc","status":"publish","type":"post","link":"https:\/\/przedszkole18.edu.wroclaw.pl\/index.php\/2022\/05\/07\/mile-widziana-pomoc\/","title":{"rendered":"Mile widziana pomoc!"},"content":{"rendered":"<p><span style=\"color: #000080\"><em><strong>Kochani rodzice!\u00a0<\/strong><\/em><\/span><\/p>\n<p><span style=\"color: #000080\"><em><strong>Dzielni tatusiowie, naszych wychowank\u00f3w rozpocz\u0119li prace zwi\u0105zane z \u00a0 remontem przedszkolnej piaskownicy, chcemy by sta\u0142a si\u0119 bardziej estetyczna, funkcjonalna i oczywi\u015bcie bezpieczna dla\u00a0 dzieci. <\/strong><\/em><\/span><\/p>\n<p><span style=\"color: #000080\"><em><strong>O remoncie piaskownicy zdecydowali\u015bmy wsp\u00f3lnie na spotkaniu Rady Rodzic\u00f3w, ustalono zakres prac\u00a0 i \u015brodk\u00f3w jakie mo\u017cemy wsp\u00f3lnie zaanga\u017cowa\u0107 w realizacj\u0119 tego projektu, ja ze swojej strony postaram si\u0119 zrobi\u0107 wszystko,\u00a0\u00a0 by wspom\u00f3c Pa\u0144stwa w tych dzia\u0142aniach. Z rozm\u00f3w z Pa\u0144stwem wiem, \u017ce\u00a0 sobota nie jest dla Pa\u0144stwa,\u00a0 dobrym dniem tygodnia i takie dzia\u0142ania ch\u0119tnie podejmiecie w tygodniu w godzinach popo\u0142udniowych. Bardzo mile widziana jest pomoc i zaanga\u017cowanie wszystkich, kt\u00f3rym bliska\u00a0 jest nasza przedszkolna spo\u0142eczno\u015b\u0107.\u00a0 Wiem, \u017ce czyny spo\u0142eczne przesta\u0142y by\u0107\u00a0 modne, ale my\u015bl\u0119, \u017ce dobre serce i zaanga\u017cowanie w nasze przedszkolne problemy,\u00a0 pozostaje Pa\u0144stwu bliskie.\u00a0<\/strong><\/em><\/span><\/p>\n<p><span style=\"color: #000080\"><em><strong>Zapraszam i gor\u0105co\u00a0 zach\u0119cam do \u00a0 wsparcia tych, kt\u00f3rzy ju\u017c dzielnie pracuj\u0105 przy projekcie, robimy to przecie\u017c dla wszystkich dzieci, a Pa\u0144stwa pomoc przy\u015bpieszy\u00a0 zako\u0144czenia prac. To te\u017c dobry moment na sp\u0119dzenie czasu na powietrzu w ruchu i w sympatycznym towarzystwie. To sprzyja poznaniu, integracji, a tak\u017ce pokazuje naszym dzieciom, \u017ce dzia\u0142anie na rzecz innych,\u00a0 mo\u017ce da\u0107 wiele rado\u015bci i satysfakcji.\u00a0<\/strong><\/em><\/span><\/p>\n<p><span style=\"color: #000080\"><em><strong>Zapraszam do kontaktu z przewodnicz\u0105cym Rady Rodzic\u00f3w Panem Grzegorzem Przybyszem lub z naszym kierownikiem budowy Panem Grzegorzem Piechowiczem, lub ze mn\u0105.\u00a0<\/strong><\/em><\/span><\/p>\n<p><em><strong><span style=\"color: #000080\"> Jestem do Pa\u0144stwa dyspozycji i\u00a0 bardzo pi\u0119knie dzi\u0119kuj\u0119 pracuj\u0105cym dzisiaj panom:\u00a0 Grzegorzowi Przybyszowi, Grzegorzowi Piechowiczowi, Dawidowi \u015awist, Paw\u0142owi Fojt, Romanowi Bryling, Tomaszowi Brz\u0105kale i m\u0142odemu cz\u0142owiekowi, kt\u00f3ry wspomaga\u0142 prace jako starszy brat N&#8230;..Serdecznie pozdrawiam i czekam na Pa\u0144stwa w ogrodzie.\u00a0 Dyrektor plac\u00f3wki Lidia Walczak-I\u017cycka. \u00a0<\/span><br \/>\n<\/strong><\/em><\/p>\n<p><em><strong><img loading=\"lazy\" decoding=\"async\" class=\"alignnone size-medium wp-image-6734\" src=\"https:\/\/przedszkole18.edu.wroclaw.pl\/wp-content\/uploads\/sites\/36\/2022\/05\/Dzielni-rodzice-2-300x225.jpg\" alt=\"\" width=\"300\" height=\"225\" srcset=\"https:\/\/przedszkole18.edu.wroclaw.pl\/wp-content\/uploads\/sites\/36\/2022\/05\/Dzielni-rodzice-2-300x225.jpg 300w, https:\/\/przedszkole18.edu.wroclaw.pl\/wp-content\/uploads\/sites\/36\/2022\/05\/Dzielni-rodzice-2-1024x768.jpg 1024w, https:\/\/przedszkole18.edu.wroclaw.pl\/wp-content\/uploads\/sites\/36\/2022\/05\/Dzielni-rodzice-2-768x576.jpg 768w, https:\/\/przedszkole18.edu.wroclaw.pl\/wp-content\/uploads\/sites\/36\/2022\/05\/Dzielni-rodzice-2-600x450.jpg 600w, https:\/\/przedszkole18.edu.wroclaw.pl\/wp-content\/uploads\/sites\/36\/2022\/05\/Dzielni-rodzice-2-1536x1152.jpg 1536w, https:\/\/przedszkole18.edu.wroclaw.pl\/wp-content\/uploads\/sites\/36\/2022\/05\/Dzielni-rodzice-2-2048x1536.jpg 2048w\" sizes=\"auto, (max-width: 300px) 100vw, 300px\" \/><\/strong><\/em><em><strong>\u00a0<img loading=\"lazy\" decoding=\"async\" class=\"alignnone size-medium wp-image-6735\" src=\"https:\/\/przedszkole18.edu.wroclaw.pl\/wp-content\/uploads\/sites\/36\/2022\/05\/Dzielni-rodzice-3-300x225.jpg\" alt=\"\" width=\"300\" height=\"225\" \/><img loading=\"lazy\" decoding=\"async\" class=\"alignnone size-medium wp-image-6736\" src=\"https:\/\/przedszkole18.edu.wroclaw.pl\/wp-content\/uploads\/sites\/36\/2022\/05\/Dzielni-rodzice-4--300x225.jpg\" alt=\"\" width=\"300\" height=\"225\" \/><img loading=\"lazy\" decoding=\"async\" class=\"alignnone size-medium wp-image-6733\" src=\"https:\/\/przedszkole18.edu.wroclaw.pl\/wp-content\/uploads\/sites\/36\/2022\/05\/Dzielni-rodzice--300x225.jpg\" alt=\"\" width=\"300\" height=\"225\" \/><\/strong><\/em><\/p>\n<p><img loading=\"lazy\" decoding=\"async\" class=\"alignnone size-medium wp-image-6739\" src=\"https:\/\/przedszkole18.edu.wroclaw.pl\/wp-content\/uploads\/sites\/36\/2022\/05\/Piaskownica--300x225.jpg\" alt=\"\" width=\"300\" height=\"225\" \/><img loading=\"lazy\" decoding=\"async\" class=\"alignnone size-medium wp-image-6740\" src=\"https:\/\/przedszkole18.edu.wroclaw.pl\/wp-content\/uploads\/sites\/36\/2022\/05\/Piaskownica-2-300x225.jpg\" alt=\"\" width=\"300\" height=\"225\" \/><\/p>\n<p>&nbsp;<\/p>\n","protected":false},"excerpt":{"rendered":"<p>Kochani rodzice!\u00a0 Dzielni tatusiowie, naszych wychowank\u00f3w rozpocz\u0119li prace zwi\u0105zane z \u00a0 remontem przedszkolnej piaskownicy, chcemy by sta\u0142a si\u0119 bardziej estetyczna, funkcjonalna i oczywi\u015bcie bezpieczna dla\u00a0 dzieci. O remoncie piaskownicy zdecydowali\u015bmy [&hellip;]<\/p>\n","protected":false},"author":115,"featured_media":0,"comment_status":"closed","ping_status":"closed","sticky":false,"template":"","format":"standard","meta":{"ngg_post_thumbnail":0,"footnotes":""},"categories":[3],"tags":[],"class_list":["post-6737","post","type-post","status-publish","format-standard","hentry","category-aktualnosci","clearfix"],"_links":{"self":[{"href":"https:\/\/przedszkole18.edu.wroclaw.pl\/index.php\/wp-json\/wp\/v2\/posts\/6737","targetHints":{"allow":["GET"]}}],"collection":[{"href":"https:\/\/przedszkole18.edu.wroclaw.pl\/index.php\/wp-json\/wp\/v2\/posts"}],"about":[{"href":"https:\/\/przedszkole18.edu.wroclaw.pl\/index.php\/wp-json\/wp\/v2\/types\/post"}],"author":[{"embeddable":true,"href":"https:\/\/przedszkole18.edu.wroclaw.pl\/index.php\/wp-json\/wp\/v2\/users\/115"}],"replies":[{"embeddable":true,"href":"https:\/\/przedszkole18.edu.wroclaw.pl\/index.php\/wp-json\/wp\/v2\/comments?post=6737"}],"version-history":[{"count":3,"href":"https:\/\/przedszkole18.edu.wroclaw.pl\/index.php\/wp-json\/wp\/v2\/posts\/6737\/revisions"}],"predecessor-version":[{"id":6743,"href":"https:\/\/przedszkole18.edu.wroclaw.pl\/index.php\/wp-json\/wp\/v2\/posts\/6737\/revisions\/6743"}],"wp:attachment":[{"href":"https:\/\/przedszkole18.edu.wroclaw.pl\/index.php\/wp-json\/wp\/v2\/media?parent=6737"}],"wp:term":[{"taxonomy":"category","embeddable":true,"href":"https:\/\/przedszkole18.edu.wroclaw.pl\/index.php\/wp-json\/wp\/v2\/categories?post=6737"},{"taxonomy":"post_tag","embeddable":true,"href":"https:\/\/przedszkole18.edu.wroclaw.pl\/index.php\/wp-json\/wp\/v2\/tags?post=6737"}],"curies":[{"name":"wp","href":"https:\/\/api.w.org\/{rel}","templated":true}]}}