
{"id":6769,"date":"2022-05-17T13:43:18","date_gmt":"2022-05-17T11:43:18","guid":{"rendered":"https:\/\/przedszkole18.edu.wroclaw.pl\/?p=6769"},"modified":"2022-05-17T13:47:50","modified_gmt":"2022-05-17T11:47:50","slug":"ogromne-podziekowania","status":"publish","type":"post","link":"https:\/\/przedszkole18.edu.wroclaw.pl\/index.php\/2022\/05\/17\/ogromne-podziekowania\/","title":{"rendered":"Ogromne podzi\u0119kowania!"},"content":{"rendered":"<p><span style=\"color: #003366\"><strong><span style=\"font-size: 18pt\">Kochani Rodzice!<\/span><\/strong><\/span><\/p>\n<p><span style=\"color: #003366\"><strong><span style=\"font-size: 18pt\">Ogromne podzi\u0119kowania za Wasze\u00a0 serca i zaanga\u017cowanie w dzia\u0142ania zwi\u0105zane z remontem piaskownicy. Jestem wdzi\u0119czna. Dzieci s\u0105 zaciekawione i cierpliwie czekaj\u0105. Bardzo, bardzo\u00a0 dzi\u0119kuj\u0119, za ka\u017cd\u0105 po\u015bwi\u0119con\u0105 chwil\u0119 i sp\u0119dzane w przedszkolu\u00a0 soboty.\u00a0 <span style=\"font-size: 14pt\">Dyrektor plac\u00f3wki Lidia Walczak-I\u017cycka\u00a0 \u00a0<\/span><\/span> <\/strong><\/span><\/p>\n","protected":false},"excerpt":{"rendered":"<p>Kochani Rodzice! Ogromne podzi\u0119kowania za Wasze\u00a0 serca i zaanga\u017cowanie w dzia\u0142ania zwi\u0105zane z remontem piaskownicy. Jestem wdzi\u0119czna. Dzieci s\u0105 zaciekawione i cierpliwie czekaj\u0105. Bardzo, bardzo\u00a0 dzi\u0119kuj\u0119, za ka\u017cd\u0105 po\u015bwi\u0119con\u0105 chwil\u0119 [&hellip;]<\/p>\n","protected":false},"author":115,"featured_media":0,"comment_status":"closed","ping_status":"closed","sticky":false,"template":"","format":"standard","meta":{"ngg_post_thumbnail":0,"footnotes":""},"categories":[3],"tags":[],"class_list":["post-6769","post","type-post","status-publish","format-standard","hentry","category-aktualnosci","clearfix"],"_links":{"self":[{"href":"https:\/\/przedszkole18.edu.wroclaw.pl\/index.php\/wp-json\/wp\/v2\/posts\/6769","targetHints":{"allow":["GET"]}}],"collection":[{"href":"https:\/\/przedszkole18.edu.wroclaw.pl\/index.php\/wp-json\/wp\/v2\/posts"}],"about":[{"href":"https:\/\/przedszkole18.edu.wroclaw.pl\/index.php\/wp-json\/wp\/v2\/types\/post"}],"author":[{"embeddable":true,"href":"https:\/\/przedszkole18.edu.wroclaw.pl\/index.php\/wp-json\/wp\/v2\/users\/115"}],"replies":[{"embeddable":true,"href":"https:\/\/przedszkole18.edu.wroclaw.pl\/index.php\/wp-json\/wp\/v2\/comments?post=6769"}],"version-history":[{"count":3,"href":"https:\/\/przedszkole18.edu.wroclaw.pl\/index.php\/wp-json\/wp\/v2\/posts\/6769\/revisions"}],"predecessor-version":[{"id":6772,"href":"https:\/\/przedszkole18.edu.wroclaw.pl\/index.php\/wp-json\/wp\/v2\/posts\/6769\/revisions\/6772"}],"wp:attachment":[{"href":"https:\/\/przedszkole18.edu.wroclaw.pl\/index.php\/wp-json\/wp\/v2\/media?parent=6769"}],"wp:term":[{"taxonomy":"category","embeddable":true,"href":"https:\/\/przedszkole18.edu.wroclaw.pl\/index.php\/wp-json\/wp\/v2\/categories?post=6769"},{"taxonomy":"post_tag","embeddable":true,"href":"https:\/\/przedszkole18.edu.wroclaw.pl\/index.php\/wp-json\/wp\/v2\/tags?post=6769"}],"curies":[{"name":"wp","href":"https:\/\/api.w.org\/{rel}","templated":true}]}}