
{"id":6773,"date":"2022-05-17T15:31:33","date_gmt":"2022-05-17T13:31:33","guid":{"rendered":"https:\/\/przedszkole18.edu.wroclaw.pl\/?p=6773"},"modified":"2022-05-18T17:59:17","modified_gmt":"2022-05-18T15:59:17","slug":"wazne-19","status":"publish","type":"post","link":"https:\/\/przedszkole18.edu.wroclaw.pl\/index.php\/2022\/05\/17\/wazne-19\/","title":{"rendered":"Wa\u017cne!"},"content":{"rendered":"<p><span style=\"font-size: 18pt;color: #000080\"><strong>Szanowni Rodzice, kochane dzieci!<\/strong> <\/span><\/p>\n<p><span style=\"font-size: 12pt;color: #000000\">Mamy przed sob\u0105 jeszcze\u00a0 kilka wa\u017cnych wydarze\u0144,\u00a0 na kt\u00f3re serdecznie zapraszamy. <\/span><\/p>\n<p><span style=\"font-size: 12pt;color: #000000\">18 maja grupa IV wychodzi na lekcj\u0119 edukacyjn\u0105 do Narodowego Forum Muzyki \/wyjazd godzina 10.00 powr\u00f3t 12.30\/ <\/span><\/p>\n<p><span style=\"font-size: 12pt;color: #000000\">19 maja grupy IV i IV a zdj\u0119cia do tablo \/godzina 9.00\/ <\/span><\/p>\n<p><span style=\"font-size: 12pt;color: #000000\">20 maja grupa III a i III wychodz\u0105 na lekcj\u0119 edukacyjn\u0105 do Narodowego Forum Muzyki\/ wyjazd 10.50 powr\u00f3t 13.00\/<\/span><\/p>\n<p>20 maja godzina 9.15 ,\u00a0 to te\u017c spotkanie z teatrem pod has\u0142em &#8222;Bezpiecznie na drodze&#8221; &#8211; zabawy dla wszystkich przedszkolak\u00f3w \/op\u0142acone z funduszy przedszkola\/<\/p>\n<p><span style=\"color: #000080\"><strong><span style=\"font-size: 18pt\">1 czerwca Dzie\u0144 Dziecka<\/span><\/strong><\/span>. <span style=\"font-size: 14pt;color: #333300\">Tego dnia w godzinach 9.00 11.30\u00a0 zapraszamy dzieci na Olimpiad\u0119 Przedszkoln\u0105\/gry i zabawy sportowe\/,\u00a0 a tak\u017ce malowanie twarzy, zabawy muzyczne, malowanie na du\u017cych arkuszach, malowanie na foli.\u00a0 Liczymy oczywi\u015bcie na pi\u0119kn\u0105,\u00a0 s\u0142oneczn\u0105 pogod\u0119 i aby ogr\u00f3d wygl\u0105da\u0142 jeszcze pi\u0119kniej, mamy dla <strong><span style=\"color: #000080\">Pa\u0144stwa prac\u0119 domow\u0105<\/span>.<\/strong> Prosz\u0119 wsp\u00f3lnie z dzie\u0107mi zrobi\u0107 du\u017cego kwitka na patyku, wzorem wiatraczk\u00f3w z ubieg\u0142ego roku, kwiaty ozdobi\u0105 ogr\u00f3d, a dzieci poczuj\u0105 si\u0119 jak malarze,\u00a0 tworz\u0105cy wok\u00f3\u0142 siebie barwn\u0105 przestrze\u0144. B\u0119d\u0105c jednocze\u015bnie, tw\u00f3rcami tego wydarzenia. <\/span><\/p>\n<p><span style=\"font-size: 14pt;color: #333300\">Bardzo prosimy tak\u017ce, o ubranie dzieciom\u00a0 tego dnia, koszulek w kolorach:<\/span><\/p>\n<p><span style=\"color: #000080;font-size: 14pt\">1 grupa &#8211; koszulki pomara\u0144czowe<\/span><\/p>\n<p><span style=\"color: #000080;font-size: 14pt\">2 grupa &#8211; koszulki niebieskie<\/span><\/p>\n<p><span style=\"color: #000080;font-size: 14pt\">3 grupa- koszulki\u00a0 bia\u0142e<\/span><\/p>\n<p><span style=\"color: #000080;font-size: 14pt\">3a grupa &#8211; koszulki \u017c\u00f3\u0142te<\/span><\/p>\n<p><span style=\"color: #000080;font-size: 14pt\">4 grupa- koszulki czerwone<\/span><\/p>\n<p><span style=\"color: #000080\"><span style=\"font-size: 14pt\">\u00a04a grupa\u00a0 -koszulki zielone \u00a0<\/span> <\/span><\/p>\n<p><span style=\"font-size: 18pt\"><span style=\"color: #000080\"><strong>3 czerwca\u00a0 Festyn Rodzinny.<img loading=\"lazy\" decoding=\"async\" class=\"alignnone size-medium wp-image-6457\" src=\"https:\/\/przedszkole18.edu.wroclaw.pl\/wp-content\/uploads\/sites\/36\/2022\/03\/wiosna-300x197.gif\" alt=\"Wiosna\" width=\"300\" height=\"197\" srcset=\"https:\/\/przedszkole18.edu.wroclaw.pl\/wp-content\/uploads\/sites\/36\/2022\/03\/wiosna-300x197.gif 300w, https:\/\/przedszkole18.edu.wroclaw.pl\/wp-content\/uploads\/sites\/36\/2022\/03\/wiosna-1024x673.gif 1024w, https:\/\/przedszkole18.edu.wroclaw.pl\/wp-content\/uploads\/sites\/36\/2022\/03\/wiosna-768x504.gif 768w, https:\/\/przedszkole18.edu.wroclaw.pl\/wp-content\/uploads\/sites\/36\/2022\/03\/wiosna-600x394.gif 600w\" sizes=\"auto, (max-width: 300px) 100vw, 300px\" \/><\/strong><\/span> <\/span><\/p>\n<p><span style=\"font-size: 18pt\"><span style=\"font-size: 14pt;color: #333300\">Jak wszyscy wiemy, na tak du\u017cej imprezie nie mieli\u015bmy mo\u017cliwo\u015bci spotka\u0107 si\u0119 od 2 lat. Cieszymy si\u0119 zatem, \u017ce 3 czerwca\/pi\u0105tek\/ mo\u017cemy Pa\u0144stwa zaprosi\u0107, na kilka wsp\u00f3lnie sp\u0119dzonych chwil. W programie tego wydarzenia,\u00a0 wyst\u0119py\u00a0 artystyczne wszystkich grup, dla uczczenia dnia mamy i taty, malowanie, rysowanie, zabawy w ogrodzie pod Pa\u0144stwa czujnym okiem. Mamy tak\u017ce w programie wsp\u00f3lne grilowanie i oczywi\u015bcie przepyszne ciasta,\u00a0 pieczone przez\u00a0 rodzic\u00f3w.\u00a0 Zobaczycie wystaw\u0119, \u00a0 zwi\u0105zan\u0105 z histori\u0105 naszej plac\u00f3wki, dowiecie si\u0119 od kiedy istniejemy i co nas charakteryzuje. Wszystkie grupy przygotowuj\u0105 prace plastyczne pod has\u0142em &#8222;Moja rodzina i ja, &#8221; kt\u00f3re b\u0119dzie mo\u017cna zakupi\u0107, zasilaj\u0105c fundusz Rady Rodzic\u00f3w. Festyn\u00a0 oczywi\u015bcie w ogrodzie przedszkolnym przy pi\u0119knej scenerii zrobionych przez Was kwiat\u00f3w. Wszystkie szczeg\u00f3\u0142y podamy na plakacie informacyjnym 23 maja.\u00a0 Zapraszamy serdecznie i liczymy na Wasz\u0105 pomoc i obecno\u015b\u0107.<br \/>\n<\/span><\/span><\/p>\n<p>&nbsp;<\/p>\n<p>&nbsp;<\/p>\n<p>&nbsp;<\/p>\n<p>&nbsp;<\/p>\n","protected":false},"excerpt":{"rendered":"<p>Szanowni Rodzice, kochane dzieci! Mamy przed sob\u0105 jeszcze\u00a0 kilka wa\u017cnych wydarze\u0144,\u00a0 na kt\u00f3re serdecznie zapraszamy. 18 maja grupa IV wychodzi na lekcj\u0119 edukacyjn\u0105 do Narodowego Forum Muzyki \/wyjazd godzina 10.00 [&hellip;]<\/p>\n","protected":false},"author":115,"featured_media":6067,"comment_status":"closed","ping_status":"closed","sticky":false,"template":"","format":"standard","meta":{"ngg_post_thumbnail":0,"footnotes":""},"categories":[3],"tags":[],"class_list":["post-6773","post","type-post","status-publish","format-standard","has-post-thumbnail","hentry","category-aktualnosci","clearfix"],"_links":{"self":[{"href":"https:\/\/przedszkole18.edu.wroclaw.pl\/index.php\/wp-json\/wp\/v2\/posts\/6773","targetHints":{"allow":["GET"]}}],"collection":[{"href":"https:\/\/przedszkole18.edu.wroclaw.pl\/index.php\/wp-json\/wp\/v2\/posts"}],"about":[{"href":"https:\/\/przedszkole18.edu.wroclaw.pl\/index.php\/wp-json\/wp\/v2\/types\/post"}],"author":[{"embeddable":true,"href":"https:\/\/przedszkole18.edu.wroclaw.pl\/index.php\/wp-json\/wp\/v2\/users\/115"}],"replies":[{"embeddable":true,"href":"https:\/\/przedszkole18.edu.wroclaw.pl\/index.php\/wp-json\/wp\/v2\/comments?post=6773"}],"version-history":[{"count":6,"href":"https:\/\/przedszkole18.edu.wroclaw.pl\/index.php\/wp-json\/wp\/v2\/posts\/6773\/revisions"}],"predecessor-version":[{"id":6779,"href":"https:\/\/przedszkole18.edu.wroclaw.pl\/index.php\/wp-json\/wp\/v2\/posts\/6773\/revisions\/6779"}],"wp:featuredmedia":[{"embeddable":true,"href":"https:\/\/przedszkole18.edu.wroclaw.pl\/index.php\/wp-json\/wp\/v2\/media\/6067"}],"wp:attachment":[{"href":"https:\/\/przedszkole18.edu.wroclaw.pl\/index.php\/wp-json\/wp\/v2\/media?parent=6773"}],"wp:term":[{"taxonomy":"category","embeddable":true,"href":"https:\/\/przedszkole18.edu.wroclaw.pl\/index.php\/wp-json\/wp\/v2\/categories?post=6773"},{"taxonomy":"post_tag","embeddable":true,"href":"https:\/\/przedszkole18.edu.wroclaw.pl\/index.php\/wp-json\/wp\/v2\/tags?post=6773"}],"curies":[{"name":"wp","href":"https:\/\/api.w.org\/{rel}","templated":true}]}}