
{"id":6851,"date":"2022-06-07T09:38:57","date_gmt":"2022-06-07T07:38:57","guid":{"rendered":"https:\/\/przedszkole18.edu.wroclaw.pl\/?p=6851"},"modified":"2022-06-07T09:39:44","modified_gmt":"2022-06-07T07:39:44","slug":"uroczyste-pozegnanie-6-latkow","status":"publish","type":"post","link":"https:\/\/przedszkole18.edu.wroclaw.pl\/index.php\/2022\/06\/07\/uroczyste-pozegnanie-6-latkow\/","title":{"rendered":"Uroczyste po\u017cegnanie 6 -latk\u00f3w."},"content":{"rendered":"<p><span style=\"font-size: 14pt\"><strong><span style=\"color: #000080\">Szanowni Pa\u0144stwo!<\/span><\/strong><\/span><\/p>\n<p><span style=\"font-size: 14pt\"><strong><span style=\"color: #000080\">W dniach\u00a0 9 i 10\u00a0 czerwca w ogrodzie przedszkolnym odb\u0119dzie si\u0119 uroczyste po\u017cegnanie 6- latk\u00f3w. <\/span><\/strong><\/span><\/p>\n<p><span style=\"font-size: 14pt;color: #ff0000\"><strong>9 czerwca grupa IV\u00a0\u00a0 &#8211; godzina 15.30<\/strong><\/span><\/p>\n<p><span style=\"font-size: 14pt\"><strong><span style=\"color: #000080\"><span style=\"color: #ff0000\">10 czerwca grupa IV a\u00a0 &#8211; godzina 15.30<\/span> <\/span><\/strong><\/span><\/p>\n<p><span style=\"font-size: 14pt\"><strong><span style=\"color: #000080\">Planujemy:\u00a0 program artystyczny, wr\u0119czenie pami\u0105tkowych\u00a0 ksi\u0105\u017cek i\u00a0 zdj\u0119\u0107 oraz\u00a0 s\u0142odki pocz\u0119stunek. <\/span><\/strong><\/span><\/p>\n<p><span style=\"font-size: 14pt\"><strong><span style=\"color: #000080\">Zapraszamy serdecznie.<\/span> <\/strong><\/span><\/p>\n","protected":false},"excerpt":{"rendered":"<p>Szanowni Pa\u0144stwo! W dniach\u00a0 9 i 10\u00a0 czerwca w ogrodzie przedszkolnym odb\u0119dzie si\u0119 uroczyste po\u017cegnanie 6- latk\u00f3w. 9 czerwca grupa IV\u00a0\u00a0 &#8211; godzina 15.30 10 czerwca grupa IV a\u00a0 &#8211; [&hellip;]<\/p>\n","protected":false},"author":115,"featured_media":6457,"comment_status":"closed","ping_status":"closed","sticky":false,"template":"","format":"standard","meta":{"ngg_post_thumbnail":0,"footnotes":""},"categories":[3],"tags":[],"class_list":["post-6851","post","type-post","status-publish","format-standard","has-post-thumbnail","hentry","category-aktualnosci","clearfix"],"_links":{"self":[{"href":"https:\/\/przedszkole18.edu.wroclaw.pl\/index.php\/wp-json\/wp\/v2\/posts\/6851","targetHints":{"allow":["GET"]}}],"collection":[{"href":"https:\/\/przedszkole18.edu.wroclaw.pl\/index.php\/wp-json\/wp\/v2\/posts"}],"about":[{"href":"https:\/\/przedszkole18.edu.wroclaw.pl\/index.php\/wp-json\/wp\/v2\/types\/post"}],"author":[{"embeddable":true,"href":"https:\/\/przedszkole18.edu.wroclaw.pl\/index.php\/wp-json\/wp\/v2\/users\/115"}],"replies":[{"embeddable":true,"href":"https:\/\/przedszkole18.edu.wroclaw.pl\/index.php\/wp-json\/wp\/v2\/comments?post=6851"}],"version-history":[{"count":2,"href":"https:\/\/przedszkole18.edu.wroclaw.pl\/index.php\/wp-json\/wp\/v2\/posts\/6851\/revisions"}],"predecessor-version":[{"id":6853,"href":"https:\/\/przedszkole18.edu.wroclaw.pl\/index.php\/wp-json\/wp\/v2\/posts\/6851\/revisions\/6853"}],"wp:featuredmedia":[{"embeddable":true,"href":"https:\/\/przedszkole18.edu.wroclaw.pl\/index.php\/wp-json\/wp\/v2\/media\/6457"}],"wp:attachment":[{"href":"https:\/\/przedszkole18.edu.wroclaw.pl\/index.php\/wp-json\/wp\/v2\/media?parent=6851"}],"wp:term":[{"taxonomy":"category","embeddable":true,"href":"https:\/\/przedszkole18.edu.wroclaw.pl\/index.php\/wp-json\/wp\/v2\/categories?post=6851"},{"taxonomy":"post_tag","embeddable":true,"href":"https:\/\/przedszkole18.edu.wroclaw.pl\/index.php\/wp-json\/wp\/v2\/tags?post=6851"}],"curies":[{"name":"wp","href":"https:\/\/api.w.org\/{rel}","templated":true}]}}