
{"id":6858,"date":"2022-06-07T18:12:17","date_gmt":"2022-06-07T16:12:17","guid":{"rendered":"https:\/\/przedszkole18.edu.wroclaw.pl\/?p=6858"},"modified":"2022-06-08T12:31:14","modified_gmt":"2022-06-08T10:31:14","slug":"dziekujemy","status":"publish","type":"post","link":"https:\/\/przedszkole18.edu.wroclaw.pl\/index.php\/2022\/06\/07\/dziekujemy\/","title":{"rendered":"Dzi\u0119kujemy!"},"content":{"rendered":"<p><span style=\"color: #003366\"><strong><span style=\"font-size: 14pt\">Szanowni Pa\u0144stwo! <\/span><\/strong><\/span><\/p>\n<p><span style=\"color: #003366\"><strong><span style=\"font-size: 14pt\">Ciep\u0142e s\u0142owa,\u00a0 pochwa\u0142y i pro\u015bby o wi\u0119cej spotka\u0144 i wydarze\u0144,\u00a0 w kt\u00f3re mo\u017cemy si\u0119 wsp\u00f3lnie anga\u017cowa\u0107, to dow\u00f3d na udany i pierwszy od 2 lat Festyn Rodzinny. Jeste\u015bmy bardzo\u00a0 dumni z naszych przedszkolak\u00f3w ! Poradzili sobie wspaniale,\u00a0 nikt nie odszed\u0142 do rodzic\u00f3w, nawet najm\u0142odsi arty\u015bci zrealizowali swoje cele.\u00a0 Brawo!!!! Dla wszystkich.<\/span><\/strong><\/span><\/p>\n<p><span style=\"color: #003366\"><strong><span style=\"font-size: 14pt\"> Jak wspomnia\u0142am przed rozpocz\u0119ciem imprezy, nie ma sukcesu bez pracy\u00a0 ca\u0142ego zespo\u0142u przedszkola.\u00a0 Dzi\u0119kuj\u0119 zatem wszystkim pracownikom, kt\u00f3rzy pracowali na ten sukces i oczywi\u015bcie\u00a0 dzi\u0119kuj\u0119 Wam Kochani,\u00a0 za to, \u017ce wytrwali\u015bcie przy wszystkich do ko\u0144ca i g\u0142o\u015bno oklaskiwali\u015bcie naszych ma\u0142ych artyst\u00f3w. Dzi\u0119kuj\u0119 za Wasze\u00a0 zaanga\u017cowanie w przygotowaniu wspania\u0142ych wypiek\u00f3w, kt\u00f3re wzbogaci\u0142y nasz\u0105 przedszkoln\u0105 kawiarenk\u0119, za zakup prac przygotowanych przez nauczycielki i\u00a0 dzieci, za Wasz\u0105 wytrwa\u0142o\u015b\u0107 w kolejce do malowania twarzy, skr\u0119cania balon\u00f3w i wsp\u00f3lnego malowania na folii,\u00a0 wszystko by\u0142o cudne,\u00a0 radosne\u00a0 przepe\u0142nione \u017cyczliwo\u015bci\u0105.\u00a0 <\/span><\/strong><\/span><\/p>\n<p><span style=\"color: #003366\"><strong><span style=\"font-size: 14pt\">Zebrane fundusze zasil\u0105 Rad\u0119 Rodzic\u00f3w.\u00a0<\/span><\/strong><\/span><\/p>\n<p><span style=\"color: #666699\"><strong><span style=\"font-size: 14pt\"><span style=\"color: #003366\">Serdecznie dzi\u0119kuj\u0119 za Wasze pi\u0119kne serca!<\/span> Pozdrawiam ciep\u0142o.<\/span>\u00a0 Dyrektor\u00a0 Lidia Walczak-I\u017cycka\u00a0 \u00a0<\/strong> <\/span><\/p>\n","protected":false},"excerpt":{"rendered":"<p>Szanowni Pa\u0144stwo! Ciep\u0142e s\u0142owa,\u00a0 pochwa\u0142y i pro\u015bby o wi\u0119cej spotka\u0144 i wydarze\u0144,\u00a0 w kt\u00f3re mo\u017cemy si\u0119 wsp\u00f3lnie anga\u017cowa\u0107, to dow\u00f3d na udany i pierwszy od 2 lat Festyn Rodzinny. Jeste\u015bmy [&hellip;]<\/p>\n","protected":false},"author":115,"featured_media":940,"comment_status":"closed","ping_status":"closed","sticky":false,"template":"","format":"standard","meta":{"ngg_post_thumbnail":0,"footnotes":""},"categories":[3],"tags":[],"class_list":["post-6858","post","type-post","status-publish","format-standard","has-post-thumbnail","hentry","category-aktualnosci","clearfix"],"_links":{"self":[{"href":"https:\/\/przedszkole18.edu.wroclaw.pl\/index.php\/wp-json\/wp\/v2\/posts\/6858","targetHints":{"allow":["GET"]}}],"collection":[{"href":"https:\/\/przedszkole18.edu.wroclaw.pl\/index.php\/wp-json\/wp\/v2\/posts"}],"about":[{"href":"https:\/\/przedszkole18.edu.wroclaw.pl\/index.php\/wp-json\/wp\/v2\/types\/post"}],"author":[{"embeddable":true,"href":"https:\/\/przedszkole18.edu.wroclaw.pl\/index.php\/wp-json\/wp\/v2\/users\/115"}],"replies":[{"embeddable":true,"href":"https:\/\/przedszkole18.edu.wroclaw.pl\/index.php\/wp-json\/wp\/v2\/comments?post=6858"}],"version-history":[{"count":4,"href":"https:\/\/przedszkole18.edu.wroclaw.pl\/index.php\/wp-json\/wp\/v2\/posts\/6858\/revisions"}],"predecessor-version":[{"id":6871,"href":"https:\/\/przedszkole18.edu.wroclaw.pl\/index.php\/wp-json\/wp\/v2\/posts\/6858\/revisions\/6871"}],"wp:featuredmedia":[{"embeddable":true,"href":"https:\/\/przedszkole18.edu.wroclaw.pl\/index.php\/wp-json\/wp\/v2\/media\/940"}],"wp:attachment":[{"href":"https:\/\/przedszkole18.edu.wroclaw.pl\/index.php\/wp-json\/wp\/v2\/media?parent=6858"}],"wp:term":[{"taxonomy":"category","embeddable":true,"href":"https:\/\/przedszkole18.edu.wroclaw.pl\/index.php\/wp-json\/wp\/v2\/categories?post=6858"},{"taxonomy":"post_tag","embeddable":true,"href":"https:\/\/przedszkole18.edu.wroclaw.pl\/index.php\/wp-json\/wp\/v2\/tags?post=6858"}],"curies":[{"name":"wp","href":"https:\/\/api.w.org\/{rel}","templated":true}]}}