
{"id":6867,"date":"2022-06-07T23:08:49","date_gmt":"2022-06-07T21:08:49","guid":{"rendered":"https:\/\/przedszkole18.edu.wroclaw.pl\/?p=6867"},"modified":"2022-06-07T23:09:05","modified_gmt":"2022-06-07T21:09:05","slug":"koncert-przed-wakacjami-2","status":"publish","type":"post","link":"https:\/\/przedszkole18.edu.wroclaw.pl\/index.php\/2022\/06\/07\/koncert-przed-wakacjami-2\/","title":{"rendered":"Koncert &#8222;przed wakacjami&#8221;"},"content":{"rendered":"<p>Drodzy Rodzice,<\/p>\n<p>Serdecznie zapraszamy na ostatni w tym roku szkolnym &#8211; a zarazem pierwszy w ca\u0142o\u015bci na \u017cywo <strong>\u201eKoncert przed wakacjami\u201d<\/strong>, podczas kt\u00f3rego zaprezentuj\u0105 si\u0119 dzieci ucz\u0105ce si\u0119 gra\u0107 na instrumentach muzycznych (pianino, skrzypce, flet) w naszym przedszkolu.<\/p>\n<p style=\"text-align: center\">Koncert odb\u0119dzie si\u0119 w <strong>poniedzia\u0142ek, 13.06.2022 r<\/strong>., w <strong>sali grupy IV a<\/strong>, w nast\u0119puj\u0105cych godzinach:<\/p>\n<ul>\n<li style=\"text-align: center\">15.30 &#8211; grupa III a<\/li>\n<li style=\"text-align: center\">16.00 &#8211; grupa IV a<\/li>\n<li style=\"text-align: center\">16.30 &#8211; grupa IV<\/li>\n<\/ul>\n<p>&nbsp;<\/p>\n<p style=\"text-align: right\">nauczyciele muzyki<\/p>\n","protected":false},"excerpt":{"rendered":"<p>Drodzy Rodzice, Serdecznie zapraszamy na ostatni w tym roku szkolnym &#8211; a zarazem pierwszy w ca\u0142o\u015bci na \u017cywo \u201eKoncert przed wakacjami\u201d, podczas kt\u00f3rego zaprezentuj\u0105 si\u0119 dzieci ucz\u0105ce si\u0119 gra\u0107 na [&hellip;]<\/p>\n","protected":false},"author":105,"featured_media":0,"comment_status":"closed","ping_status":"closed","sticky":false,"template":"","format":"standard","meta":{"ngg_post_thumbnail":0,"footnotes":""},"categories":[3],"tags":[],"class_list":["post-6867","post","type-post","status-publish","format-standard","hentry","category-aktualnosci","clearfix"],"_links":{"self":[{"href":"https:\/\/przedszkole18.edu.wroclaw.pl\/index.php\/wp-json\/wp\/v2\/posts\/6867","targetHints":{"allow":["GET"]}}],"collection":[{"href":"https:\/\/przedszkole18.edu.wroclaw.pl\/index.php\/wp-json\/wp\/v2\/posts"}],"about":[{"href":"https:\/\/przedszkole18.edu.wroclaw.pl\/index.php\/wp-json\/wp\/v2\/types\/post"}],"author":[{"embeddable":true,"href":"https:\/\/przedszkole18.edu.wroclaw.pl\/index.php\/wp-json\/wp\/v2\/users\/105"}],"replies":[{"embeddable":true,"href":"https:\/\/przedszkole18.edu.wroclaw.pl\/index.php\/wp-json\/wp\/v2\/comments?post=6867"}],"version-history":[{"count":1,"href":"https:\/\/przedszkole18.edu.wroclaw.pl\/index.php\/wp-json\/wp\/v2\/posts\/6867\/revisions"}],"predecessor-version":[{"id":6869,"href":"https:\/\/przedszkole18.edu.wroclaw.pl\/index.php\/wp-json\/wp\/v2\/posts\/6867\/revisions\/6869"}],"wp:attachment":[{"href":"https:\/\/przedszkole18.edu.wroclaw.pl\/index.php\/wp-json\/wp\/v2\/media?parent=6867"}],"wp:term":[{"taxonomy":"category","embeddable":true,"href":"https:\/\/przedszkole18.edu.wroclaw.pl\/index.php\/wp-json\/wp\/v2\/categories?post=6867"},{"taxonomy":"post_tag","embeddable":true,"href":"https:\/\/przedszkole18.edu.wroclaw.pl\/index.php\/wp-json\/wp\/v2\/tags?post=6867"}],"curies":[{"name":"wp","href":"https:\/\/api.w.org\/{rel}","templated":true}]}}