
{"id":6874,"date":"2022-06-10T13:50:34","date_gmt":"2022-06-10T11:50:34","guid":{"rendered":"https:\/\/przedszkole18.edu.wroclaw.pl\/?p=6874"},"modified":"2022-06-10T13:51:57","modified_gmt":"2022-06-10T11:51:57","slug":"wazne-20","status":"publish","type":"post","link":"https:\/\/przedszkole18.edu.wroclaw.pl\/index.php\/2022\/06\/10\/wazne-20\/","title":{"rendered":"Wa\u017cne!"},"content":{"rendered":"<p><strong><span style=\"color: #000080\">Szanowni Pa\u0144stwo!<\/span><\/strong><\/p>\n<p><strong><span style=\"color: #000080\">W celu w\u0142a\u015bciwej organizacji pracy przedszkola\u00a0 zwi\u0105zanej z\u00a0 \u017cywieniem dzieci oraz\u00a0 ilo\u015bci\u0105 planowanych grup,\u00a0 bardzo\u00a0 prosz\u0119 o poinformowanie nauczycieli,\u00a0 czy w dniu 17 czerwca \/pi\u0105tek po Bo\u017cym Ciele\/ b\u0119dziecie Pa\u0144stwo korzystali z us\u0142ug przedszkola.<\/span><\/strong><\/p>\n","protected":false},"excerpt":{"rendered":"<p>Szanowni Pa\u0144stwo! W celu w\u0142a\u015bciwej organizacji pracy przedszkola\u00a0 zwi\u0105zanej z\u00a0 \u017cywieniem dzieci oraz\u00a0 ilo\u015bci\u0105 planowanych grup,\u00a0 bardzo\u00a0 prosz\u0119 o poinformowanie nauczycieli,\u00a0 czy w dniu 17 czerwca \/pi\u0105tek po Bo\u017cym Ciele\/ [&hellip;]<\/p>\n","protected":false},"author":115,"featured_media":6067,"comment_status":"closed","ping_status":"closed","sticky":false,"template":"","format":"standard","meta":{"ngg_post_thumbnail":0,"footnotes":""},"categories":[3],"tags":[],"class_list":["post-6874","post","type-post","status-publish","format-standard","has-post-thumbnail","hentry","category-aktualnosci","clearfix"],"_links":{"self":[{"href":"https:\/\/przedszkole18.edu.wroclaw.pl\/index.php\/wp-json\/wp\/v2\/posts\/6874","targetHints":{"allow":["GET"]}}],"collection":[{"href":"https:\/\/przedszkole18.edu.wroclaw.pl\/index.php\/wp-json\/wp\/v2\/posts"}],"about":[{"href":"https:\/\/przedszkole18.edu.wroclaw.pl\/index.php\/wp-json\/wp\/v2\/types\/post"}],"author":[{"embeddable":true,"href":"https:\/\/przedszkole18.edu.wroclaw.pl\/index.php\/wp-json\/wp\/v2\/users\/115"}],"replies":[{"embeddable":true,"href":"https:\/\/przedszkole18.edu.wroclaw.pl\/index.php\/wp-json\/wp\/v2\/comments?post=6874"}],"version-history":[{"count":3,"href":"https:\/\/przedszkole18.edu.wroclaw.pl\/index.php\/wp-json\/wp\/v2\/posts\/6874\/revisions"}],"predecessor-version":[{"id":6877,"href":"https:\/\/przedszkole18.edu.wroclaw.pl\/index.php\/wp-json\/wp\/v2\/posts\/6874\/revisions\/6877"}],"wp:featuredmedia":[{"embeddable":true,"href":"https:\/\/przedszkole18.edu.wroclaw.pl\/index.php\/wp-json\/wp\/v2\/media\/6067"}],"wp:attachment":[{"href":"https:\/\/przedszkole18.edu.wroclaw.pl\/index.php\/wp-json\/wp\/v2\/media?parent=6874"}],"wp:term":[{"taxonomy":"category","embeddable":true,"href":"https:\/\/przedszkole18.edu.wroclaw.pl\/index.php\/wp-json\/wp\/v2\/categories?post=6874"},{"taxonomy":"post_tag","embeddable":true,"href":"https:\/\/przedszkole18.edu.wroclaw.pl\/index.php\/wp-json\/wp\/v2\/tags?post=6874"}],"curies":[{"name":"wp","href":"https:\/\/api.w.org\/{rel}","templated":true}]}}