
{"id":6890,"date":"2022-06-17T15:10:45","date_gmt":"2022-06-17T13:10:45","guid":{"rendered":"https:\/\/przedszkole18.edu.wroclaw.pl\/?p=6890"},"modified":"2022-06-17T15:10:45","modified_gmt":"2022-06-17T13:10:45","slug":"lipiec-przedszkole-dyzurujace","status":"publish","type":"post","link":"https:\/\/przedszkole18.edu.wroclaw.pl\/index.php\/2022\/06\/17\/lipiec-przedszkole-dyzurujace\/","title":{"rendered":"Lipiec -przedszkole dy\u017curuj\u0105ce."},"content":{"rendered":"<p><em><strong><span style=\"color: #000080;font-size: 14pt\">Szanowni Pa\u0144stwo, wszystkie z\u0142o\u017cone wnioski o przedszkole dy\u017curuj\u0105ce,\u00a0 zosta\u0142y pozytywnie rozpatrzone. <\/span><\/strong><\/em><\/p>\n<p><em><strong><span style=\"color: #000080;font-size: 14pt\">Przedszkolem dy\u017curuj\u0105cym dla naszych wychowank\u00f3w\/lipiec\/\u00a0 jest Przedszkole 79. Wszystkie niezb\u0119dne informacje, przekaza\u0142am Pa\u0144stwu telefonicznie. Dane adresowe przedszkola dy\u017curuj\u0105cego;\u00a0 Przedszkole nr 79 ul. Piwna 14,\u00a0 tel: 717986814.\u00a0 Prosz\u0119 pami\u0119ta\u0107\u00a0 w przedszkolu dy\u017curuj\u0105cym podpisujecie Pa\u0144stwo &#8211; deklaracj\u0119, zgod\u0119\u00a0 zwi\u0105zan\u0105 z RODO\u00a0 oraz dzienn\u0105\u00a0 list\u0119 obecno\u015bci, na podstawie kt\u00f3rej zostanie naliczona op\u0142ata za okres pobytu dzieci. Przedszkole 79 pracuje w godzinach\u00a0 7.00 -17.00\u00a0 Pozdrawiam i \u017cycz\u0119 udanego pobytu. <\/span><\/strong><\/em><\/p>\n","protected":false},"excerpt":{"rendered":"<p>Szanowni Pa\u0144stwo, wszystkie z\u0142o\u017cone wnioski o przedszkole dy\u017curuj\u0105ce,\u00a0 zosta\u0142y pozytywnie rozpatrzone. Przedszkolem dy\u017curuj\u0105cym dla naszych wychowank\u00f3w\/lipiec\/\u00a0 jest Przedszkole 79. Wszystkie niezb\u0119dne informacje, przekaza\u0142am Pa\u0144stwu telefonicznie. Dane adresowe przedszkola dy\u017curuj\u0105cego;\u00a0 Przedszkole [&hellip;]<\/p>\n","protected":false},"author":115,"featured_media":6864,"comment_status":"closed","ping_status":"closed","sticky":false,"template":"","format":"standard","meta":{"ngg_post_thumbnail":0,"footnotes":""},"categories":[3],"tags":[],"class_list":["post-6890","post","type-post","status-publish","format-standard","has-post-thumbnail","hentry","category-aktualnosci","clearfix"],"_links":{"self":[{"href":"https:\/\/przedszkole18.edu.wroclaw.pl\/index.php\/wp-json\/wp\/v2\/posts\/6890","targetHints":{"allow":["GET"]}}],"collection":[{"href":"https:\/\/przedszkole18.edu.wroclaw.pl\/index.php\/wp-json\/wp\/v2\/posts"}],"about":[{"href":"https:\/\/przedszkole18.edu.wroclaw.pl\/index.php\/wp-json\/wp\/v2\/types\/post"}],"author":[{"embeddable":true,"href":"https:\/\/przedszkole18.edu.wroclaw.pl\/index.php\/wp-json\/wp\/v2\/users\/115"}],"replies":[{"embeddable":true,"href":"https:\/\/przedszkole18.edu.wroclaw.pl\/index.php\/wp-json\/wp\/v2\/comments?post=6890"}],"version-history":[{"count":1,"href":"https:\/\/przedszkole18.edu.wroclaw.pl\/index.php\/wp-json\/wp\/v2\/posts\/6890\/revisions"}],"predecessor-version":[{"id":6891,"href":"https:\/\/przedszkole18.edu.wroclaw.pl\/index.php\/wp-json\/wp\/v2\/posts\/6890\/revisions\/6891"}],"wp:featuredmedia":[{"embeddable":true,"href":"https:\/\/przedszkole18.edu.wroclaw.pl\/index.php\/wp-json\/wp\/v2\/media\/6864"}],"wp:attachment":[{"href":"https:\/\/przedszkole18.edu.wroclaw.pl\/index.php\/wp-json\/wp\/v2\/media?parent=6890"}],"wp:term":[{"taxonomy":"category","embeddable":true,"href":"https:\/\/przedszkole18.edu.wroclaw.pl\/index.php\/wp-json\/wp\/v2\/categories?post=6890"},{"taxonomy":"post_tag","embeddable":true,"href":"https:\/\/przedszkole18.edu.wroclaw.pl\/index.php\/wp-json\/wp\/v2\/tags?post=6890"}],"curies":[{"name":"wp","href":"https:\/\/api.w.org\/{rel}","templated":true}]}}