
{"id":6892,"date":"2022-06-17T15:22:29","date_gmt":"2022-06-17T13:22:29","guid":{"rendered":"https:\/\/przedszkole18.edu.wroclaw.pl\/?p=6892"},"modified":"2022-06-17T15:27:52","modified_gmt":"2022-06-17T13:27:52","slug":"kino-sferyczne","status":"publish","type":"post","link":"https:\/\/przedszkole18.edu.wroclaw.pl\/index.php\/2022\/06\/17\/kino-sferyczne\/","title":{"rendered":"Kino Sferyczne!"},"content":{"rendered":"<p><span style=\"font-size: 18pt;color: #000080\"><em><strong>Drodzy rodzice, kochane dzieci!<\/strong> <\/em><\/span><\/p>\n<p><span style=\"color: #0000ff\"><em><span style=\"font-size: 14pt\"><strong>23 czerwca o godzinie 9.15 \u00a0 przedszkole go\u015bci Kino Sferyczne.<\/strong><\/span><\/em><\/span><\/p>\n<p><em><span style=\"font-size: 14pt;color: #003366\"><strong>Nie chcemy przegapi\u0107 mo\u017cliwo\u015bci zanurzenia si\u0119 w \u015bwiecie pe\u0142nym tajemnic. Zapraszamy na\u00a0 niepowtarzalne widoki z g\u0142\u0119bin oceanu i przestrzeni kosmicznej.\u00a0<\/strong><\/span><\/em><\/p>\n<p><em><span style=\"font-size: 14pt;color: #003366\"><strong> Udzia\u0142 w seansie to koszt <span style=\"color: #0000ff\">15 z\u0142otych od dziecka &#8211; <span style=\"color: #000080\">pieni\u0105dze prosz\u0119 przekaza\u0107<\/span> do dnia 22 czerwca<\/span> do dyrektora plac\u00f3wki w godzinach odbioru dzieci. Zapraszamy na niepowtarzalny seans. Do zobaczenia. \u00a0<\/strong> <\/span><\/em><\/p>\n<p><a href=\"https:\/\/przedszkole18.edu.wroclaw.pl\/wp-content\/uploads\/sites\/36\/2022\/06\/Kino-Sferyczne_oferta-na-rok-szkolny-2021-2022-1-1.pdf\">Kino Sferyczne_oferta na rok szkolny 2021-2022 (1)<\/a><\/p>\n","protected":false},"excerpt":{"rendered":"<p>Drodzy rodzice, kochane dzieci! 23 czerwca o godzinie 9.15 \u00a0 przedszkole go\u015bci Kino Sferyczne. Nie chcemy przegapi\u0107 mo\u017cliwo\u015bci zanurzenia si\u0119 w \u015bwiecie pe\u0142nym tajemnic. Zapraszamy na\u00a0 niepowtarzalne widoki z g\u0142\u0119bin [&hellip;]<\/p>\n","protected":false},"author":115,"featured_media":6067,"comment_status":"closed","ping_status":"closed","sticky":false,"template":"","format":"standard","meta":{"ngg_post_thumbnail":0,"footnotes":""},"categories":[3],"tags":[],"class_list":["post-6892","post","type-post","status-publish","format-standard","has-post-thumbnail","hentry","category-aktualnosci","clearfix"],"_links":{"self":[{"href":"https:\/\/przedszkole18.edu.wroclaw.pl\/index.php\/wp-json\/wp\/v2\/posts\/6892","targetHints":{"allow":["GET"]}}],"collection":[{"href":"https:\/\/przedszkole18.edu.wroclaw.pl\/index.php\/wp-json\/wp\/v2\/posts"}],"about":[{"href":"https:\/\/przedszkole18.edu.wroclaw.pl\/index.php\/wp-json\/wp\/v2\/types\/post"}],"author":[{"embeddable":true,"href":"https:\/\/przedszkole18.edu.wroclaw.pl\/index.php\/wp-json\/wp\/v2\/users\/115"}],"replies":[{"embeddable":true,"href":"https:\/\/przedszkole18.edu.wroclaw.pl\/index.php\/wp-json\/wp\/v2\/comments?post=6892"}],"version-history":[{"count":2,"href":"https:\/\/przedszkole18.edu.wroclaw.pl\/index.php\/wp-json\/wp\/v2\/posts\/6892\/revisions"}],"predecessor-version":[{"id":6895,"href":"https:\/\/przedszkole18.edu.wroclaw.pl\/index.php\/wp-json\/wp\/v2\/posts\/6892\/revisions\/6895"}],"wp:featuredmedia":[{"embeddable":true,"href":"https:\/\/przedszkole18.edu.wroclaw.pl\/index.php\/wp-json\/wp\/v2\/media\/6067"}],"wp:attachment":[{"href":"https:\/\/przedszkole18.edu.wroclaw.pl\/index.php\/wp-json\/wp\/v2\/media?parent=6892"}],"wp:term":[{"taxonomy":"category","embeddable":true,"href":"https:\/\/przedszkole18.edu.wroclaw.pl\/index.php\/wp-json\/wp\/v2\/categories?post=6892"},{"taxonomy":"post_tag","embeddable":true,"href":"https:\/\/przedszkole18.edu.wroclaw.pl\/index.php\/wp-json\/wp\/v2\/tags?post=6892"}],"curies":[{"name":"wp","href":"https:\/\/api.w.org\/{rel}","templated":true}]}}