
{"id":691,"date":"2019-02-17T22:46:05","date_gmt":"2019-02-17T21:46:05","guid":{"rendered":"https:\/\/przedszkole18.edu.wroclaw.pl\/?p=691"},"modified":"2019-02-17T22:46:05","modified_gmt":"2019-02-17T21:46:05","slug":"dzien-jezyka-ojczystego","status":"publish","type":"post","link":"https:\/\/przedszkole18.edu.wroclaw.pl\/index.php\/2019\/02\/17\/dzien-jezyka-ojczystego\/","title":{"rendered":"DZIE\u0143 J\u0118ZYKA OJCZYSTEGO"},"content":{"rendered":"<p>21 LUTEGO (CZWARTEK)W NASZYM PRZEDSZKOLU OBCHODZI\u0106 B\u0118DZIEMY DZIE\u0143 J\u0118ZYKA OJCZYSTEGO. DZIECI ZE WSZYSTKICH GRUP PREZENTOWA\u0106 B\u0118D\u0104, PRZED SWOIMI R\u00d3WIE\u015aNIKAMI, WIERSZE I PIOSENKI O TEMATYCE LOGOPEDYCZNEJ. PROSIMY RODZIC\u00d3W O PRZYGOTOWANIE OD\u015aWI\u0118TNYCH UBRA\u0143 DLA SWOICH DZIECI.<\/p>\n<p><a href=\"https:\/\/przedszkole18.edu.wroclaw.pl\/wp-content\/uploads\/sites\/36\/2019\/02\/1.jpg\"><img loading=\"lazy\" decoding=\"async\" class=\"alignnone size-full wp-image-692\" src=\"https:\/\/przedszkole18.edu.wroclaw.pl\/wp-content\/uploads\/sites\/36\/2019\/02\/1.jpg\" alt=\"\" width=\"214\" height=\"235\" \/><\/a><\/p>\n","protected":false},"excerpt":{"rendered":"<p>21 LUTEGO (CZWARTEK)W NASZYM PRZEDSZKOLU OBCHODZI\u0106 B\u0118DZIEMY DZIE\u0143 J\u0118ZYKA OJCZYSTEGO. DZIECI ZE WSZYSTKICH GRUP PREZENTOWA\u0106 B\u0118D\u0104, PRZED SWOIMI R\u00d3WIE\u015aNIKAMI, WIERSZE I PIOSENKI O TEMATYCE LOGOPEDYCZNEJ. PROSIMY RODZIC\u00d3W O PRZYGOTOWANIE OD\u015aWI\u0118TNYCH [&hellip;]<\/p>\n","protected":false},"author":108,"featured_media":692,"comment_status":"closed","ping_status":"closed","sticky":false,"template":"","format":"standard","meta":{"ngg_post_thumbnail":0,"footnotes":""},"categories":[3],"tags":[],"class_list":["post-691","post","type-post","status-publish","format-standard","has-post-thumbnail","hentry","category-aktualnosci","clearfix"],"_links":{"self":[{"href":"https:\/\/przedszkole18.edu.wroclaw.pl\/index.php\/wp-json\/wp\/v2\/posts\/691","targetHints":{"allow":["GET"]}}],"collection":[{"href":"https:\/\/przedszkole18.edu.wroclaw.pl\/index.php\/wp-json\/wp\/v2\/posts"}],"about":[{"href":"https:\/\/przedszkole18.edu.wroclaw.pl\/index.php\/wp-json\/wp\/v2\/types\/post"}],"author":[{"embeddable":true,"href":"https:\/\/przedszkole18.edu.wroclaw.pl\/index.php\/wp-json\/wp\/v2\/users\/108"}],"replies":[{"embeddable":true,"href":"https:\/\/przedszkole18.edu.wroclaw.pl\/index.php\/wp-json\/wp\/v2\/comments?post=691"}],"version-history":[{"count":1,"href":"https:\/\/przedszkole18.edu.wroclaw.pl\/index.php\/wp-json\/wp\/v2\/posts\/691\/revisions"}],"predecessor-version":[{"id":693,"href":"https:\/\/przedszkole18.edu.wroclaw.pl\/index.php\/wp-json\/wp\/v2\/posts\/691\/revisions\/693"}],"wp:featuredmedia":[{"embeddable":true,"href":"https:\/\/przedszkole18.edu.wroclaw.pl\/index.php\/wp-json\/wp\/v2\/media\/692"}],"wp:attachment":[{"href":"https:\/\/przedszkole18.edu.wroclaw.pl\/index.php\/wp-json\/wp\/v2\/media?parent=691"}],"wp:term":[{"taxonomy":"category","embeddable":true,"href":"https:\/\/przedszkole18.edu.wroclaw.pl\/index.php\/wp-json\/wp\/v2\/categories?post=691"},{"taxonomy":"post_tag","embeddable":true,"href":"https:\/\/przedszkole18.edu.wroclaw.pl\/index.php\/wp-json\/wp\/v2\/tags?post=691"}],"curies":[{"name":"wp","href":"https:\/\/api.w.org\/{rel}","templated":true}]}}