
{"id":699,"date":"2019-02-24T17:23:13","date_gmt":"2019-02-24T16:23:13","guid":{"rendered":"https:\/\/przedszkole18.edu.wroclaw.pl\/?p=699"},"modified":"2019-02-24T17:24:05","modified_gmt":"2019-02-24T16:24:05","slug":"krolowa-labedzi","status":"publish","type":"post","link":"https:\/\/przedszkole18.edu.wroclaw.pl\/index.php\/2019\/02\/24\/krolowa-labedzi\/","title":{"rendered":"KR\u00d3LOWA \u0141AB\u0118DZI GRUPA III A I III"},"content":{"rendered":"<p>Dnia 14.03.2019 r. grupa III a\u00a0 i III wychodz\u0105 do IMPARTU\u00a0 przy ul. Mazowieckiej na balet &#8221; Kr\u00f3lowa \u0142ab\u0119dzi&#8221;. Bilet kosztuje 22 z\u0142 i pieni\u0105dze prosz\u0119 wp\u0142aca\u0107 u nauczycielek w grupach do dnia 05.03.2019 r.<\/p>\n","protected":false},"excerpt":{"rendered":"<p>Dnia 14.03.2019 r. grupa III a\u00a0 i III wychodz\u0105 do IMPARTU\u00a0 przy ul. Mazowieckiej na balet &#8221; Kr\u00f3lowa \u0142ab\u0119dzi&#8221;. Bilet kosztuje 22 z\u0142 i pieni\u0105dze prosz\u0119 wp\u0142aca\u0107 u nauczycielek w [&hellip;]<\/p>\n","protected":false},"author":110,"featured_media":0,"comment_status":"closed","ping_status":"closed","sticky":false,"template":"","format":"standard","meta":{"ngg_post_thumbnail":0,"footnotes":""},"categories":[1],"tags":[],"class_list":["post-699","post","type-post","status-publish","format-standard","hentry","category-bez-kategorii","clearfix"],"_links":{"self":[{"href":"https:\/\/przedszkole18.edu.wroclaw.pl\/index.php\/wp-json\/wp\/v2\/posts\/699","targetHints":{"allow":["GET"]}}],"collection":[{"href":"https:\/\/przedszkole18.edu.wroclaw.pl\/index.php\/wp-json\/wp\/v2\/posts"}],"about":[{"href":"https:\/\/przedszkole18.edu.wroclaw.pl\/index.php\/wp-json\/wp\/v2\/types\/post"}],"author":[{"embeddable":true,"href":"https:\/\/przedszkole18.edu.wroclaw.pl\/index.php\/wp-json\/wp\/v2\/users\/110"}],"replies":[{"embeddable":true,"href":"https:\/\/przedszkole18.edu.wroclaw.pl\/index.php\/wp-json\/wp\/v2\/comments?post=699"}],"version-history":[{"count":2,"href":"https:\/\/przedszkole18.edu.wroclaw.pl\/index.php\/wp-json\/wp\/v2\/posts\/699\/revisions"}],"predecessor-version":[{"id":701,"href":"https:\/\/przedszkole18.edu.wroclaw.pl\/index.php\/wp-json\/wp\/v2\/posts\/699\/revisions\/701"}],"wp:attachment":[{"href":"https:\/\/przedszkole18.edu.wroclaw.pl\/index.php\/wp-json\/wp\/v2\/media?parent=699"}],"wp:term":[{"taxonomy":"category","embeddable":true,"href":"https:\/\/przedszkole18.edu.wroclaw.pl\/index.php\/wp-json\/wp\/v2\/categories?post=699"},{"taxonomy":"post_tag","embeddable":true,"href":"https:\/\/przedszkole18.edu.wroclaw.pl\/index.php\/wp-json\/wp\/v2\/tags?post=699"}],"curies":[{"name":"wp","href":"https:\/\/api.w.org\/{rel}","templated":true}]}}