
{"id":710,"date":"2019-03-05T00:24:17","date_gmt":"2019-03-04T23:24:17","guid":{"rendered":"https:\/\/przedszkole18.edu.wroclaw.pl\/?p=710"},"modified":"2019-03-05T00:28:49","modified_gmt":"2019-03-04T23:28:49","slug":"koncert-zimowy","status":"publish","type":"post","link":"https:\/\/przedszkole18.edu.wroclaw.pl\/index.php\/2019\/03\/05\/koncert-zimowy\/","title":{"rendered":"KONCERT ZIMOWY"},"content":{"rendered":"<p style=\"text-align: center\"><span style=\"font-family: georgia, palatino, serif\">Serdecznie zapraszamy na \u201eKoncert Zimowy\u201d, kt\u00f3ry odb\u0119dzie si\u0119 w <strong> czwartek, 7.03.2019 r. o godzinie 15.30<\/strong> w sali grupy III a. Podczas koncertu zaprezentuj\u0105 si\u0119 dzieci ucz\u0105ce si\u0119 gra\u0107 na instrumentach w naszym przedszkolu.<\/span><\/p>\n<p style=\"text-align: center\"><span style=\"font-family: georgia, palatino, serif\"><strong>Zapraszamy!<\/strong><\/span><\/p>\n<p><img loading=\"lazy\" decoding=\"async\" class=\"aligncenter size-medium wp-image-711\" src=\"https:\/\/przedszkole18.edu.wroclaw.pl\/wp-content\/uploads\/sites\/36\/2019\/03\/koncert-300x208.jpg\" alt=\"\" width=\"300\" height=\"208\" srcset=\"https:\/\/przedszkole18.edu.wroclaw.pl\/wp-content\/uploads\/sites\/36\/2019\/03\/koncert-300x208.jpg 300w, https:\/\/przedszkole18.edu.wroclaw.pl\/wp-content\/uploads\/sites\/36\/2019\/03\/koncert-768x532.jpg 768w, https:\/\/przedszkole18.edu.wroclaw.pl\/wp-content\/uploads\/sites\/36\/2019\/03\/koncert-600x415.jpg 600w, https:\/\/przedszkole18.edu.wroclaw.pl\/wp-content\/uploads\/sites\/36\/2019\/03\/koncert-624x432.jpg 624w, https:\/\/przedszkole18.edu.wroclaw.pl\/wp-content\/uploads\/sites\/36\/2019\/03\/koncert.jpg 832w\" sizes=\"auto, (max-width: 300px) 100vw, 300px\" \/><\/p>\n","protected":false},"excerpt":{"rendered":"<p>Serdecznie zapraszamy na \u201eKoncert Zimowy\u201d, kt\u00f3ry odb\u0119dzie si\u0119 w czwartek, 7.03.2019 r. o godzinie 15.30 w sali grupy III a. Podczas koncertu zaprezentuj\u0105 si\u0119 dzieci ucz\u0105ce si\u0119 gra\u0107 na instrumentach [&hellip;]<\/p>\n","protected":false},"author":105,"featured_media":711,"comment_status":"closed","ping_status":"closed","sticky":false,"template":"","format":"standard","meta":{"ngg_post_thumbnail":0,"footnotes":""},"categories":[3],"tags":[],"class_list":["post-710","post","type-post","status-publish","format-standard","has-post-thumbnail","hentry","category-aktualnosci","clearfix"],"_links":{"self":[{"href":"https:\/\/przedszkole18.edu.wroclaw.pl\/index.php\/wp-json\/wp\/v2\/posts\/710","targetHints":{"allow":["GET"]}}],"collection":[{"href":"https:\/\/przedszkole18.edu.wroclaw.pl\/index.php\/wp-json\/wp\/v2\/posts"}],"about":[{"href":"https:\/\/przedszkole18.edu.wroclaw.pl\/index.php\/wp-json\/wp\/v2\/types\/post"}],"author":[{"embeddable":true,"href":"https:\/\/przedszkole18.edu.wroclaw.pl\/index.php\/wp-json\/wp\/v2\/users\/105"}],"replies":[{"embeddable":true,"href":"https:\/\/przedszkole18.edu.wroclaw.pl\/index.php\/wp-json\/wp\/v2\/comments?post=710"}],"version-history":[{"count":1,"href":"https:\/\/przedszkole18.edu.wroclaw.pl\/index.php\/wp-json\/wp\/v2\/posts\/710\/revisions"}],"predecessor-version":[{"id":712,"href":"https:\/\/przedszkole18.edu.wroclaw.pl\/index.php\/wp-json\/wp\/v2\/posts\/710\/revisions\/712"}],"wp:featuredmedia":[{"embeddable":true,"href":"https:\/\/przedszkole18.edu.wroclaw.pl\/index.php\/wp-json\/wp\/v2\/media\/711"}],"wp:attachment":[{"href":"https:\/\/przedszkole18.edu.wroclaw.pl\/index.php\/wp-json\/wp\/v2\/media?parent=710"}],"wp:term":[{"taxonomy":"category","embeddable":true,"href":"https:\/\/przedszkole18.edu.wroclaw.pl\/index.php\/wp-json\/wp\/v2\/categories?post=710"},{"taxonomy":"post_tag","embeddable":true,"href":"https:\/\/przedszkole18.edu.wroclaw.pl\/index.php\/wp-json\/wp\/v2\/tags?post=710"}],"curies":[{"name":"wp","href":"https:\/\/api.w.org\/{rel}","templated":true}]}}