
{"id":7114,"date":"2022-06-22T23:55:44","date_gmt":"2022-06-22T21:55:44","guid":{"rendered":"https:\/\/przedszkole18.edu.wroclaw.pl\/?p=7114"},"modified":"2022-07-11T07:09:08","modified_gmt":"2022-07-11T05:09:08","slug":"piekna-nasza-polska-cala-podsumowanie-projektu","status":"publish","type":"post","link":"https:\/\/przedszkole18.edu.wroclaw.pl\/index.php\/2022\/06\/22\/piekna-nasza-polska-cala-podsumowanie-projektu\/","title":{"rendered":"&#8222;Pi\u0119kna Nasza Polska Ca\u0142a&#8221; &#8211; podsumowanie projektu"},"content":{"rendered":"<p><span style=\"font-size: 14pt\">Szanowni Pa\u0144stwo,<\/span><\/p>\n<p><span style=\"font-size: 14pt\">zako\u0144czyli\u015bmy realizacj\u0119 zada\u0144 w ramach mi\u0119dzynarodowego projektu edukacyjnego &#8222;Pi\u0119kna Nasza Polska Ca\u0142a&#8221;.<\/span><\/p>\n<p data-normal-size=\"14\"><span style=\"font-size: 14pt\">G\u0142\u00f3wnym celem projektu by\u0142o kszta\u0142towanie postaw patriotycznych u dzieci oraz uwra\u017cliwianie ich na pi\u0119kno, folklor i tradycje naszego kraju. W projekcie wzi\u0119\u0142y udzia\u0142 wszystkie dzieci, ucz\u0119szczaj\u0105ce do naszego przedszkola. W ramach tegorocznej edycji zrealizowali\u015bmy 20 zada\u0144 &#8211; zar\u00f3wno imprez i wydarze\u0144 okoliczno\u015bciowych, takich jak obchody \u015awi\u0119ta Niepodleg\u0142o\u015bci, Dzie\u0144 Ta\u0144ca Ludowego, Dzie\u0144 J\u0119zyka Ojczystego, bia\u0142o-czerwona przedszkolna Olimpiada, wystawa &#8222;Wiolinek wczoraj i dzi\u015b&#8221;, jak i dzia\u0142a\u0144 edukacyjnych ukierunkowanych na tematyk\u0119 zwi\u0105zan\u0105 z histori\u0105, folklorem, tradycjami naszego regionu oraz kraju, w\u0142\u0105czonych do codziennej pracy z dzie\u0107mi.<\/span><\/p>\n<p data-normal-size=\"14\"><span style=\"font-size: 14pt\">W imieniu organizator\u00f3w projektu serdecznie dzi\u0119kuj\u0119 wszystkim Przedszkolakom, Nauczycielom oraz Rodzicom za zaanga\u017cowanie w realizacj\u0119 zaplanowanych zada\u0144.<\/span><\/p>\n<p style=\"text-align: center\" data-normal-size=\"14\"><span style=\"font-size: 14pt\">Zapraszam r\u00f3wnie\u017c do obejrzenia fotorelacji z wybranych wydarze\u0144 projektowych:<\/span><\/p>\n<p style=\"text-align: center\" data-normal-size=\"14\"><a href=\"https:\/\/przedszkole18.edu.wroclaw.pl\/index.php\/dzialania-muzyczne\/pnpc\"><span style=\"font-size: 14pt\">https:\/\/przedszkole18.edu.wroclaw.pl\/index.php\/dzialania-muzyczne\/pnpc<\/span><\/a><\/p>\n<p style=\"text-align: right\">Filip Koz\u0142owski<\/p>\n<p>&nbsp;<\/p>\n<p><img loading=\"lazy\" decoding=\"async\" class=\"aligncenter size-large wp-image-7115\" src=\"https:\/\/przedszkole18.edu.wroclaw.pl\/wp-content\/uploads\/sites\/36\/2022\/06\/CERTYFIKAT-PLACOWKI-749x1024.jpg\" alt=\"\" width=\"749\" height=\"1024\" srcset=\"https:\/\/przedszkole18.edu.wroclaw.pl\/wp-content\/uploads\/sites\/36\/2022\/06\/CERTYFIKAT-PLACOWKI-749x1024.jpg 749w, https:\/\/przedszkole18.edu.wroclaw.pl\/wp-content\/uploads\/sites\/36\/2022\/06\/CERTYFIKAT-PLACOWKI-219x300.jpg 219w, https:\/\/przedszkole18.edu.wroclaw.pl\/wp-content\/uploads\/sites\/36\/2022\/06\/CERTYFIKAT-PLACOWKI-768x1050.jpg 768w, https:\/\/przedszkole18.edu.wroclaw.pl\/wp-content\/uploads\/sites\/36\/2022\/06\/CERTYFIKAT-PLACOWKI-600x821.jpg 600w, https:\/\/przedszkole18.edu.wroclaw.pl\/wp-content\/uploads\/sites\/36\/2022\/06\/CERTYFIKAT-PLACOWKI-1123x1536.jpg 1123w, https:\/\/przedszkole18.edu.wroclaw.pl\/wp-content\/uploads\/sites\/36\/2022\/06\/CERTYFIKAT-PLACOWKI-1498x2048.jpg 1498w, https:\/\/przedszkole18.edu.wroclaw.pl\/wp-content\/uploads\/sites\/36\/2022\/06\/CERTYFIKAT-PLACOWKI-scaled.jpg 1872w\" sizes=\"auto, (max-width: 749px) 100vw, 749px\" \/><\/p>\n","protected":false},"excerpt":{"rendered":"<p>Szanowni Pa\u0144stwo, zako\u0144czyli\u015bmy realizacj\u0119 zada\u0144 w ramach mi\u0119dzynarodowego projektu edukacyjnego &#8222;Pi\u0119kna Nasza Polska Ca\u0142a&#8221;. G\u0142\u00f3wnym celem projektu by\u0142o kszta\u0142towanie postaw patriotycznych u dzieci oraz uwra\u017cliwianie ich na pi\u0119kno, folklor i [&hellip;]<\/p>\n","protected":false},"author":105,"featured_media":0,"comment_status":"closed","ping_status":"closed","sticky":false,"template":"","format":"standard","meta":{"ngg_post_thumbnail":0,"footnotes":""},"categories":[3],"tags":[],"class_list":["post-7114","post","type-post","status-publish","format-standard","hentry","category-aktualnosci","clearfix"],"_links":{"self":[{"href":"https:\/\/przedszkole18.edu.wroclaw.pl\/index.php\/wp-json\/wp\/v2\/posts\/7114","targetHints":{"allow":["GET"]}}],"collection":[{"href":"https:\/\/przedszkole18.edu.wroclaw.pl\/index.php\/wp-json\/wp\/v2\/posts"}],"about":[{"href":"https:\/\/przedszkole18.edu.wroclaw.pl\/index.php\/wp-json\/wp\/v2\/types\/post"}],"author":[{"embeddable":true,"href":"https:\/\/przedszkole18.edu.wroclaw.pl\/index.php\/wp-json\/wp\/v2\/users\/105"}],"replies":[{"embeddable":true,"href":"https:\/\/przedszkole18.edu.wroclaw.pl\/index.php\/wp-json\/wp\/v2\/comments?post=7114"}],"version-history":[{"count":6,"href":"https:\/\/przedszkole18.edu.wroclaw.pl\/index.php\/wp-json\/wp\/v2\/posts\/7114\/revisions"}],"predecessor-version":[{"id":7143,"href":"https:\/\/przedszkole18.edu.wroclaw.pl\/index.php\/wp-json\/wp\/v2\/posts\/7114\/revisions\/7143"}],"wp:attachment":[{"href":"https:\/\/przedszkole18.edu.wroclaw.pl\/index.php\/wp-json\/wp\/v2\/media?parent=7114"}],"wp:term":[{"taxonomy":"category","embeddable":true,"href":"https:\/\/przedszkole18.edu.wroclaw.pl\/index.php\/wp-json\/wp\/v2\/categories?post=7114"},{"taxonomy":"post_tag","embeddable":true,"href":"https:\/\/przedszkole18.edu.wroclaw.pl\/index.php\/wp-json\/wp\/v2\/tags?post=7114"}],"curies":[{"name":"wp","href":"https:\/\/api.w.org\/{rel}","templated":true}]}}