
{"id":7127,"date":"2022-06-25T17:25:19","date_gmt":"2022-06-25T15:25:19","guid":{"rendered":"https:\/\/przedszkole18.edu.wroclaw.pl\/?p=7127"},"modified":"2022-06-25T17:25:19","modified_gmt":"2022-06-25T15:25:19","slug":"wakacyjne-remonty","status":"publish","type":"post","link":"https:\/\/przedszkole18.edu.wroclaw.pl\/index.php\/2022\/06\/25\/wakacyjne-remonty\/","title":{"rendered":"Wakacyjne remonty!"},"content":{"rendered":"<p><span style=\"font-size: 14pt;color: #003366\"><em><strong>Szanowni Pa\u0144stwo, jeste\u015bmy w trakcie przygotowa\u0144 do malowania przedszkolnych korytarzy\u00a0 dlatego te\u017c,\u00a0 znikn\u0119\u0142y ze \u015bcian wszystkie ozdobniki, kt\u00f3re pomaga\u0142y przykry\u0107 nasze wymagaj\u0105ce ju\u017c malowania \u015bciany.<\/strong><\/em><\/span><\/p>\n<p><span style=\"font-size: 14pt;color: #003366\"><em><strong> Z uwagi na du\u017cy zakres prac, bardzo prosz\u0119 o zabranie wszystkich rzeczy z szatni przedszkolnej, by nie przeszkadza\u0142y i nie uleg\u0142y zniszczeniu. Mamy nadziej\u0119 zobaczy\u0107 si\u0119 z Wami w sierpniu w \u0142adniejszej ods\u0142onie. Pozdrawiam ciep\u0142o.\u00a0<\/strong> <\/em><\/span><\/p>\n","protected":false},"excerpt":{"rendered":"<p>Szanowni Pa\u0144stwo, jeste\u015bmy w trakcie przygotowa\u0144 do malowania przedszkolnych korytarzy\u00a0 dlatego te\u017c,\u00a0 znikn\u0119\u0142y ze \u015bcian wszystkie ozdobniki, kt\u00f3re pomaga\u0142y przykry\u0107 nasze wymagaj\u0105ce ju\u017c malowania \u015bciany. Z uwagi na du\u017cy zakres [&hellip;]<\/p>\n","protected":false},"author":115,"featured_media":6067,"comment_status":"closed","ping_status":"closed","sticky":false,"template":"","format":"standard","meta":{"ngg_post_thumbnail":0,"footnotes":""},"categories":[3],"tags":[],"class_list":["post-7127","post","type-post","status-publish","format-standard","has-post-thumbnail","hentry","category-aktualnosci","clearfix"],"_links":{"self":[{"href":"https:\/\/przedszkole18.edu.wroclaw.pl\/index.php\/wp-json\/wp\/v2\/posts\/7127","targetHints":{"allow":["GET"]}}],"collection":[{"href":"https:\/\/przedszkole18.edu.wroclaw.pl\/index.php\/wp-json\/wp\/v2\/posts"}],"about":[{"href":"https:\/\/przedszkole18.edu.wroclaw.pl\/index.php\/wp-json\/wp\/v2\/types\/post"}],"author":[{"embeddable":true,"href":"https:\/\/przedszkole18.edu.wroclaw.pl\/index.php\/wp-json\/wp\/v2\/users\/115"}],"replies":[{"embeddable":true,"href":"https:\/\/przedszkole18.edu.wroclaw.pl\/index.php\/wp-json\/wp\/v2\/comments?post=7127"}],"version-history":[{"count":1,"href":"https:\/\/przedszkole18.edu.wroclaw.pl\/index.php\/wp-json\/wp\/v2\/posts\/7127\/revisions"}],"predecessor-version":[{"id":7128,"href":"https:\/\/przedszkole18.edu.wroclaw.pl\/index.php\/wp-json\/wp\/v2\/posts\/7127\/revisions\/7128"}],"wp:featuredmedia":[{"embeddable":true,"href":"https:\/\/przedszkole18.edu.wroclaw.pl\/index.php\/wp-json\/wp\/v2\/media\/6067"}],"wp:attachment":[{"href":"https:\/\/przedszkole18.edu.wroclaw.pl\/index.php\/wp-json\/wp\/v2\/media?parent=7127"}],"wp:term":[{"taxonomy":"category","embeddable":true,"href":"https:\/\/przedszkole18.edu.wroclaw.pl\/index.php\/wp-json\/wp\/v2\/categories?post=7127"},{"taxonomy":"post_tag","embeddable":true,"href":"https:\/\/przedszkole18.edu.wroclaw.pl\/index.php\/wp-json\/wp\/v2\/tags?post=7127"}],"curies":[{"name":"wp","href":"https:\/\/api.w.org\/{rel}","templated":true}]}}