
{"id":7129,"date":"2022-06-25T17:32:26","date_gmt":"2022-06-25T15:32:26","guid":{"rendered":"https:\/\/przedszkole18.edu.wroclaw.pl\/?p=7129"},"modified":"2022-06-25T17:32:26","modified_gmt":"2022-06-25T15:32:26","slug":"wakacje-2","status":"publish","type":"post","link":"https:\/\/przedszkole18.edu.wroclaw.pl\/index.php\/2022\/06\/25\/wakacje-2\/","title":{"rendered":"Wakacje !"},"content":{"rendered":"<p><span style=\"font-size: 14pt;color: #333399\"><em><strong>Kochane dzieci, rodzice i pracownicy. \u017bycz\u0119 wszystkim radosnych, s\u0142onecznych wakacji. Korzystajcie z wolnego czasu by czyta\u0107, bawi\u0107 si\u0119 i troch\u0119 leniuchowa\u0107. Dzi\u0119kuj\u0119 wszystkim, kt\u00f3rych pomocn\u0105 d\u0142o\u0144 , mog\u0142am\u00a0 zawsze wyczu\u0107 na swoim ramieniu. <\/strong><\/em><\/span><\/p>\n<p><span style=\"font-size: 14pt;color: #333399\"><em><strong><span style=\"color: #808080\"><span style=\"color: #000080\">Do zobaczenia. Pozdrawiam serdecznie i dzi\u0119kuje za wszystko. <\/span><\/span><span style=\"font-size: 12pt;color: #333399\">Dyrektor przedszkola Lidia Walczak-I\u017cycka <\/span><\/strong><\/em><\/span><\/p>\n","protected":false},"excerpt":{"rendered":"<p>Kochane dzieci, rodzice i pracownicy. \u017bycz\u0119 wszystkim radosnych, s\u0142onecznych wakacji. Korzystajcie z wolnego czasu by czyta\u0107, bawi\u0107 si\u0119 i troch\u0119 leniuchowa\u0107. Dzi\u0119kuj\u0119 wszystkim, kt\u00f3rych pomocn\u0105 d\u0142o\u0144 , mog\u0142am\u00a0 zawsze wyczu\u0107 [&hellip;]<\/p>\n","protected":false},"author":115,"featured_media":0,"comment_status":"closed","ping_status":"closed","sticky":false,"template":"","format":"standard","meta":{"ngg_post_thumbnail":0,"footnotes":""},"categories":[3],"tags":[],"class_list":["post-7129","post","type-post","status-publish","format-standard","hentry","category-aktualnosci","clearfix"],"_links":{"self":[{"href":"https:\/\/przedszkole18.edu.wroclaw.pl\/index.php\/wp-json\/wp\/v2\/posts\/7129","targetHints":{"allow":["GET"]}}],"collection":[{"href":"https:\/\/przedszkole18.edu.wroclaw.pl\/index.php\/wp-json\/wp\/v2\/posts"}],"about":[{"href":"https:\/\/przedszkole18.edu.wroclaw.pl\/index.php\/wp-json\/wp\/v2\/types\/post"}],"author":[{"embeddable":true,"href":"https:\/\/przedszkole18.edu.wroclaw.pl\/index.php\/wp-json\/wp\/v2\/users\/115"}],"replies":[{"embeddable":true,"href":"https:\/\/przedszkole18.edu.wroclaw.pl\/index.php\/wp-json\/wp\/v2\/comments?post=7129"}],"version-history":[{"count":1,"href":"https:\/\/przedszkole18.edu.wroclaw.pl\/index.php\/wp-json\/wp\/v2\/posts\/7129\/revisions"}],"predecessor-version":[{"id":7130,"href":"https:\/\/przedszkole18.edu.wroclaw.pl\/index.php\/wp-json\/wp\/v2\/posts\/7129\/revisions\/7130"}],"wp:attachment":[{"href":"https:\/\/przedszkole18.edu.wroclaw.pl\/index.php\/wp-json\/wp\/v2\/media?parent=7129"}],"wp:term":[{"taxonomy":"category","embeddable":true,"href":"https:\/\/przedszkole18.edu.wroclaw.pl\/index.php\/wp-json\/wp\/v2\/categories?post=7129"},{"taxonomy":"post_tag","embeddable":true,"href":"https:\/\/przedszkole18.edu.wroclaw.pl\/index.php\/wp-json\/wp\/v2\/tags?post=7129"}],"curies":[{"name":"wp","href":"https:\/\/api.w.org\/{rel}","templated":true}]}}