
{"id":7166,"date":"2022-08-13T15:14:58","date_gmt":"2022-08-13T13:14:58","guid":{"rendered":"https:\/\/przedszkole18.edu.wroclaw.pl\/?p=7166"},"modified":"2022-08-13T15:18:02","modified_gmt":"2022-08-13T13:18:02","slug":"rok-szkolny-2022-2023","status":"publish","type":"post","link":"https:\/\/przedszkole18.edu.wroclaw.pl\/index.php\/2022\/08\/13\/rok-szkolny-2022-2023\/","title":{"rendered":"Rok szkolny 2022-2023"},"content":{"rendered":"<p><span style=\"color: #000080;font-size: 14pt\">Szanowni Pa\u0144stwo! Du\u017cymi krokami zbli\u017ca si\u0119 nowy rok szkolny, mamy nadziej\u0119, \u017ce rozpoczniemy go\u00a0 w \u017cyczliwej i pe\u0142nej zrozumienia atmosferze. W zak\u0142adce rodzice- dokumenty,\u00a0 znajdziecie Pa\u0144stwo wszystkie wymagane za\u0142\u0105czniki,\u00a0 potrzebne do rozpocz\u0119cia nowego roku szkolnego. Bardzo prosz\u0119 o pobranie ich,\u00a0 wype\u0142nienie i dostarczenie do przedszkola w z\u0142\u0105czonym pakiecie w dniach 30-31 sierpnia 2022r. \u00a0 W przedszkolu b\u0119dzie ustawiona skrzynka na dokumenty. <\/span><\/p>\n<p><span style=\"color: #333399\"><span style=\"font-size: 14pt;color: #000080\">Tym, kt\u00f3rzy jeszcze wypoczywaj\u0105, \u017cycz\u0119 udanego i spokojnego wypoczynku. <\/span>Pozdrawiam dyrektor plac\u00f3wki.\u00a0 Lidia Walczak-I\u017cycka\u00a0<\/span><\/p>\n","protected":false},"excerpt":{"rendered":"<p>Szanowni Pa\u0144stwo! Du\u017cymi krokami zbli\u017ca si\u0119 nowy rok szkolny, mamy nadziej\u0119, \u017ce rozpoczniemy go\u00a0 w \u017cyczliwej i pe\u0142nej zrozumienia atmosferze. W zak\u0142adce rodzice- dokumenty,\u00a0 znajdziecie Pa\u0144stwo wszystkie wymagane za\u0142\u0105czniki,\u00a0 potrzebne [&hellip;]<\/p>\n","protected":false},"author":115,"featured_media":6066,"comment_status":"closed","ping_status":"closed","sticky":false,"template":"","format":"standard","meta":{"ngg_post_thumbnail":0,"footnotes":""},"categories":[3],"tags":[],"class_list":["post-7166","post","type-post","status-publish","format-standard","has-post-thumbnail","hentry","category-aktualnosci","clearfix"],"_links":{"self":[{"href":"https:\/\/przedszkole18.edu.wroclaw.pl\/index.php\/wp-json\/wp\/v2\/posts\/7166","targetHints":{"allow":["GET"]}}],"collection":[{"href":"https:\/\/przedszkole18.edu.wroclaw.pl\/index.php\/wp-json\/wp\/v2\/posts"}],"about":[{"href":"https:\/\/przedszkole18.edu.wroclaw.pl\/index.php\/wp-json\/wp\/v2\/types\/post"}],"author":[{"embeddable":true,"href":"https:\/\/przedszkole18.edu.wroclaw.pl\/index.php\/wp-json\/wp\/v2\/users\/115"}],"replies":[{"embeddable":true,"href":"https:\/\/przedszkole18.edu.wroclaw.pl\/index.php\/wp-json\/wp\/v2\/comments?post=7166"}],"version-history":[{"count":2,"href":"https:\/\/przedszkole18.edu.wroclaw.pl\/index.php\/wp-json\/wp\/v2\/posts\/7166\/revisions"}],"predecessor-version":[{"id":7168,"href":"https:\/\/przedszkole18.edu.wroclaw.pl\/index.php\/wp-json\/wp\/v2\/posts\/7166\/revisions\/7168"}],"wp:featuredmedia":[{"embeddable":true,"href":"https:\/\/przedszkole18.edu.wroclaw.pl\/index.php\/wp-json\/wp\/v2\/media\/6066"}],"wp:attachment":[{"href":"https:\/\/przedszkole18.edu.wroclaw.pl\/index.php\/wp-json\/wp\/v2\/media?parent=7166"}],"wp:term":[{"taxonomy":"category","embeddable":true,"href":"https:\/\/przedszkole18.edu.wroclaw.pl\/index.php\/wp-json\/wp\/v2\/categories?post=7166"},{"taxonomy":"post_tag","embeddable":true,"href":"https:\/\/przedszkole18.edu.wroclaw.pl\/index.php\/wp-json\/wp\/v2\/tags?post=7166"}],"curies":[{"name":"wp","href":"https:\/\/api.w.org\/{rel}","templated":true}]}}