
{"id":7171,"date":"2022-08-13T15:46:49","date_gmt":"2022-08-13T13:46:49","guid":{"rendered":"https:\/\/przedszkole18.edu.wroclaw.pl\/?p=7171"},"modified":"2022-08-13T15:48:48","modified_gmt":"2022-08-13T13:48:48","slug":"zmiana-stawki-zywieniowej-od-01-09-2022r","status":"publish","type":"post","link":"https:\/\/przedszkole18.edu.wroclaw.pl\/index.php\/2022\/08\/13\/zmiana-stawki-zywieniowej-od-01-09-2022r\/","title":{"rendered":"Zmiana stawki \u017cywieniowej od 01.09.2022r."},"content":{"rendered":"<p>Szanowni Pa\u0144stwo od 1 wrze\u015bnia obowi\u0105zuje nowa stawka \u017cywieniowa, prosz\u0119 o zapoznanie si\u0119 z Zarz\u0105dzeniem dyrektora plac\u00f3wki.<\/p>\n<p><a href=\"https:\/\/przedszkole18.edu.wroclaw.pl\/wp-content\/uploads\/sites\/36\/2022\/08\/Zgoda-organu-prowadzacego-zywienie-.pdf\">Zgoda organu prowadz\u0105cego &#8211; \u017cywienie<\/a><\/p>\n<p><a href=\"https:\/\/przedszkole18.edu.wroclaw.pl\/wp-content\/uploads\/sites\/36\/2022\/08\/Zarzadzenie-dyrektora-P-18-zywienie-.pdf\">Zarz\u0105dzenie dyrektora P-18 \u017cywienie<\/a><\/p>\n<p>&nbsp;<\/p>\n","protected":false},"excerpt":{"rendered":"<p>Szanowni Pa\u0144stwo od 1 wrze\u015bnia obowi\u0105zuje nowa stawka \u017cywieniowa, prosz\u0119 o zapoznanie si\u0119 z Zarz\u0105dzeniem dyrektora plac\u00f3wki. Zgoda organu prowadz\u0105cego &#8211; \u017cywienie Zarz\u0105dzenie dyrektora P-18 \u017cywienie &nbsp;<\/p>\n","protected":false},"author":115,"featured_media":6068,"comment_status":"closed","ping_status":"closed","sticky":false,"template":"","format":"standard","meta":{"ngg_post_thumbnail":0,"footnotes":""},"categories":[3,1],"tags":[],"class_list":["post-7171","post","type-post","status-publish","format-standard","has-post-thumbnail","hentry","category-aktualnosci","category-bez-kategorii","clearfix"],"_links":{"self":[{"href":"https:\/\/przedszkole18.edu.wroclaw.pl\/index.php\/wp-json\/wp\/v2\/posts\/7171","targetHints":{"allow":["GET"]}}],"collection":[{"href":"https:\/\/przedszkole18.edu.wroclaw.pl\/index.php\/wp-json\/wp\/v2\/posts"}],"about":[{"href":"https:\/\/przedszkole18.edu.wroclaw.pl\/index.php\/wp-json\/wp\/v2\/types\/post"}],"author":[{"embeddable":true,"href":"https:\/\/przedszkole18.edu.wroclaw.pl\/index.php\/wp-json\/wp\/v2\/users\/115"}],"replies":[{"embeddable":true,"href":"https:\/\/przedszkole18.edu.wroclaw.pl\/index.php\/wp-json\/wp\/v2\/comments?post=7171"}],"version-history":[{"count":3,"href":"https:\/\/przedszkole18.edu.wroclaw.pl\/index.php\/wp-json\/wp\/v2\/posts\/7171\/revisions"}],"predecessor-version":[{"id":7174,"href":"https:\/\/przedszkole18.edu.wroclaw.pl\/index.php\/wp-json\/wp\/v2\/posts\/7171\/revisions\/7174"}],"wp:featuredmedia":[{"embeddable":true,"href":"https:\/\/przedszkole18.edu.wroclaw.pl\/index.php\/wp-json\/wp\/v2\/media\/6068"}],"wp:attachment":[{"href":"https:\/\/przedszkole18.edu.wroclaw.pl\/index.php\/wp-json\/wp\/v2\/media?parent=7171"}],"wp:term":[{"taxonomy":"category","embeddable":true,"href":"https:\/\/przedszkole18.edu.wroclaw.pl\/index.php\/wp-json\/wp\/v2\/categories?post=7171"},{"taxonomy":"post_tag","embeddable":true,"href":"https:\/\/przedszkole18.edu.wroclaw.pl\/index.php\/wp-json\/wp\/v2\/tags?post=7171"}],"curies":[{"name":"wp","href":"https:\/\/api.w.org\/{rel}","templated":true}]}}