
{"id":7203,"date":"2022-08-31T19:09:43","date_gmt":"2022-08-31T17:09:43","guid":{"rendered":"https:\/\/przedszkole18.edu.wroclaw.pl\/?p=7203"},"modified":"2022-08-31T19:09:43","modified_gmt":"2022-08-31T17:09:43","slug":"szanowni-rodzice-kochane-dzieci","status":"publish","type":"post","link":"https:\/\/przedszkole18.edu.wroclaw.pl\/index.php\/2022\/08\/31\/szanowni-rodzice-kochane-dzieci\/","title":{"rendered":"Szanowni rodzice, kochane dzieci!"},"content":{"rendered":"<p><span style=\"color: #000080\"><strong><em><span style=\"font-size: 14pt\">Kochani witamy Was jutro z u\u015bmiechem na tworzy. <\/span><\/em><\/strong><\/span><\/p>\n<p><span style=\"color: #000080\"><strong><em><span style=\"font-size: 14pt\">Wiem,\u00a0 \u017ce jest wiele spraw, o kt\u00f3re chcecie zapyta\u0107, a my chcemy udzieli\u0107 wszystkich odpowiedzi i rozwia\u0107 Wasze w\u0105tpliwo\u015bci. <\/span><\/em><\/strong><\/span><\/p>\n<p><span style=\"color: #000080\"><strong><em><span style=\"font-size: 14pt\">Rozpoczynanie nowego roku szkolnego od po\u0142owy tygodnia, maj\u0105c jeszcze w przedszkolu dzieci wakacyjne to trudne organizacyjnie. Prosz\u0119 zatem Wszystkich Pa\u0144stwa o wyrozumia\u0142o\u015b\u0107 i cierpliwo\u015b\u0107.\u00a0 <\/span><\/em><\/strong><\/span><\/p>\n<p><span style=\"color: #000080\"><strong><em><span style=\"font-size: 14pt\">Wszystko b\u0119dzie dobrze, trzeba nam tylko odrobin\u0119 czasu na rozruch. Pozdrawiam serdecznie do zobaczenia. <\/span><\/em><\/strong><span style=\"font-size: 12pt;color: #333399\"><em>Dyrektor plac\u00f3wki. Lidia Walczak-I\u017cycka\u00a0 \u00a0<\/em><\/span><\/span><span style=\"font-size: 12pt;color: #333399\">\u00a0\u00a0 <\/span><\/p>\n","protected":false},"excerpt":{"rendered":"<p>Kochani witamy Was jutro z u\u015bmiechem na tworzy. Wiem,\u00a0 \u017ce jest wiele spraw, o kt\u00f3re chcecie zapyta\u0107, a my chcemy udzieli\u0107 wszystkich odpowiedzi i rozwia\u0107 Wasze w\u0105tpliwo\u015bci. Rozpoczynanie nowego roku [&hellip;]<\/p>\n","protected":false},"author":115,"featured_media":6067,"comment_status":"closed","ping_status":"closed","sticky":false,"template":"","format":"standard","meta":{"ngg_post_thumbnail":0,"footnotes":""},"categories":[3],"tags":[],"class_list":["post-7203","post","type-post","status-publish","format-standard","has-post-thumbnail","hentry","category-aktualnosci","clearfix"],"_links":{"self":[{"href":"https:\/\/przedszkole18.edu.wroclaw.pl\/index.php\/wp-json\/wp\/v2\/posts\/7203","targetHints":{"allow":["GET"]}}],"collection":[{"href":"https:\/\/przedszkole18.edu.wroclaw.pl\/index.php\/wp-json\/wp\/v2\/posts"}],"about":[{"href":"https:\/\/przedszkole18.edu.wroclaw.pl\/index.php\/wp-json\/wp\/v2\/types\/post"}],"author":[{"embeddable":true,"href":"https:\/\/przedszkole18.edu.wroclaw.pl\/index.php\/wp-json\/wp\/v2\/users\/115"}],"replies":[{"embeddable":true,"href":"https:\/\/przedszkole18.edu.wroclaw.pl\/index.php\/wp-json\/wp\/v2\/comments?post=7203"}],"version-history":[{"count":1,"href":"https:\/\/przedszkole18.edu.wroclaw.pl\/index.php\/wp-json\/wp\/v2\/posts\/7203\/revisions"}],"predecessor-version":[{"id":7204,"href":"https:\/\/przedszkole18.edu.wroclaw.pl\/index.php\/wp-json\/wp\/v2\/posts\/7203\/revisions\/7204"}],"wp:featuredmedia":[{"embeddable":true,"href":"https:\/\/przedszkole18.edu.wroclaw.pl\/index.php\/wp-json\/wp\/v2\/media\/6067"}],"wp:attachment":[{"href":"https:\/\/przedszkole18.edu.wroclaw.pl\/index.php\/wp-json\/wp\/v2\/media?parent=7203"}],"wp:term":[{"taxonomy":"category","embeddable":true,"href":"https:\/\/przedszkole18.edu.wroclaw.pl\/index.php\/wp-json\/wp\/v2\/categories?post=7203"},{"taxonomy":"post_tag","embeddable":true,"href":"https:\/\/przedszkole18.edu.wroclaw.pl\/index.php\/wp-json\/wp\/v2\/tags?post=7203"}],"curies":[{"name":"wp","href":"https:\/\/api.w.org\/{rel}","templated":true}]}}