
{"id":7205,"date":"2022-09-02T12:50:27","date_gmt":"2022-09-02T10:50:27","guid":{"rendered":"https:\/\/przedszkole18.edu.wroclaw.pl\/?p=7205"},"modified":"2022-09-02T12:52:57","modified_gmt":"2022-09-02T10:52:57","slug":"wazne-spotkania-z-rodzicami","status":"publish","type":"post","link":"https:\/\/przedszkole18.edu.wroclaw.pl\/index.php\/2022\/09\/02\/wazne-spotkania-z-rodzicami\/","title":{"rendered":"Wa\u017cne ! Spotkania z rodzicami."},"content":{"rendered":"<p><span style=\"font-size: 14pt;color: #000080\"><em><strong>S<\/strong><\/em><strong><em><span style=\"font-size: 14pt;color: #000080\"><strong>za<\/strong><\/span>nowni Pa\u0144stwo, zapraszamy na spotkania dotycz\u0105ce organizacji nowego roku szkolnego. Poruszymy wszystkie wa\u017cne tematy i odpowiemy na Pa\u0144stwa pytania.\u00a0 Trudno znale\u017a\u0107 termin pasuj\u0105cy wszystkim, proponuj\u0119 zatem spotkania w dniach:<\/em><\/strong><\/span><\/p>\n<p><span style=\"font-size: 14pt;color: #000080\"><strong><em>Grupa I \u00a0 6 wrze\u015bnia\u00a0 \/wtorek\/ godzina 17.00<\/em><\/strong><\/span><\/p>\n<p><span style=\"font-size: 14pt;color: #000080\"><strong><em>Grupy IIIa\u00a0 i IVa \u00a0 7 wrze\u015bnia \/\u015broda\/ godzina 17.00<\/em><\/strong><\/span><\/p>\n<p><span style=\"font-size: 14pt;color: #000080\"><strong><em>Grupy II\u00a0 i IV \u00a0 8 wrze\u015bnia\/czwartek\/ godzina 17.00<\/em><\/strong><\/span><\/p>\n<p><span style=\"font-size: 14pt;color: #000080\"><strong><em>Na spotkania zapraszam rodzic\u00f3w bez dzieci, trudno rozmawia\u0107 o dzieciach przy dzieciach. Je\u017celi kto\u015b z Pa\u0144stwa z wa\u017cnych powod\u00f3w,\u00a0 nie mo\u017ce stawi\u0107 si\u0119 na spotkaniu, prosz\u0119 um\u00f3wi\u0107 si\u0119 z nauczycielami na indywidualne przekazanie wa\u017cnych informacji.\u00a0<\/em><\/strong><\/span><\/p>\n<p><span style=\"font-size: 12pt;color: #333399\"> Pozdrawiam i zapraszam. Dyrektor plac\u00f3wki Lidia Walczak-I\u017cycka<\/span><\/p>\n<p>&nbsp;<\/p>\n","protected":false},"excerpt":{"rendered":"<p>Szanowni Pa\u0144stwo, zapraszamy na spotkania dotycz\u0105ce organizacji nowego roku szkolnego. Poruszymy wszystkie wa\u017cne tematy i odpowiemy na Pa\u0144stwa pytania.\u00a0 Trudno znale\u017a\u0107 termin pasuj\u0105cy wszystkim, proponuj\u0119 zatem spotkania w dniach: Grupa [&hellip;]<\/p>\n","protected":false},"author":115,"featured_media":6066,"comment_status":"closed","ping_status":"closed","sticky":false,"template":"","format":"standard","meta":{"ngg_post_thumbnail":0,"footnotes":""},"categories":[3],"tags":[],"class_list":["post-7205","post","type-post","status-publish","format-standard","has-post-thumbnail","hentry","category-aktualnosci","clearfix"],"_links":{"self":[{"href":"https:\/\/przedszkole18.edu.wroclaw.pl\/index.php\/wp-json\/wp\/v2\/posts\/7205","targetHints":{"allow":["GET"]}}],"collection":[{"href":"https:\/\/przedszkole18.edu.wroclaw.pl\/index.php\/wp-json\/wp\/v2\/posts"}],"about":[{"href":"https:\/\/przedszkole18.edu.wroclaw.pl\/index.php\/wp-json\/wp\/v2\/types\/post"}],"author":[{"embeddable":true,"href":"https:\/\/przedszkole18.edu.wroclaw.pl\/index.php\/wp-json\/wp\/v2\/users\/115"}],"replies":[{"embeddable":true,"href":"https:\/\/przedszkole18.edu.wroclaw.pl\/index.php\/wp-json\/wp\/v2\/comments?post=7205"}],"version-history":[{"count":3,"href":"https:\/\/przedszkole18.edu.wroclaw.pl\/index.php\/wp-json\/wp\/v2\/posts\/7205\/revisions"}],"predecessor-version":[{"id":7208,"href":"https:\/\/przedszkole18.edu.wroclaw.pl\/index.php\/wp-json\/wp\/v2\/posts\/7205\/revisions\/7208"}],"wp:featuredmedia":[{"embeddable":true,"href":"https:\/\/przedszkole18.edu.wroclaw.pl\/index.php\/wp-json\/wp\/v2\/media\/6066"}],"wp:attachment":[{"href":"https:\/\/przedszkole18.edu.wroclaw.pl\/index.php\/wp-json\/wp\/v2\/media?parent=7205"}],"wp:term":[{"taxonomy":"category","embeddable":true,"href":"https:\/\/przedszkole18.edu.wroclaw.pl\/index.php\/wp-json\/wp\/v2\/categories?post=7205"},{"taxonomy":"post_tag","embeddable":true,"href":"https:\/\/przedszkole18.edu.wroclaw.pl\/index.php\/wp-json\/wp\/v2\/tags?post=7205"}],"curies":[{"name":"wp","href":"https:\/\/api.w.org\/{rel}","templated":true}]}}