
{"id":7247,"date":"2022-09-12T00:33:25","date_gmt":"2022-09-11T22:33:25","guid":{"rendered":"https:\/\/przedszkole18.edu.wroclaw.pl\/?p=7247"},"modified":"2022-09-12T00:33:25","modified_gmt":"2022-09-11T22:33:25","slug":"7247","status":"publish","type":"post","link":"https:\/\/przedszkole18.edu.wroclaw.pl\/index.php\/2022\/09\/12\/7247\/","title":{"rendered":""},"content":{"rendered":"<p><strong>Drodzy Rodzice<\/strong><\/p>\n<p>Wrzesie\u0144 to miesi\u0105c, w kt\u00f3rym w naszym przedszkolu odbywaj\u0105 si\u0119 badania uzdolnie\u0144 muzycznych wszystkich dzieci <strong>pi\u0119cioletnich i sze\u015bcioletnich.<\/strong> Wyniki przes\u0142ucha\u0144 warunkuj\u0105 zakwalifikowanie dzieci do realizacji <strong>rozszerzonego programu wychowania muzycznego<\/strong>. Nasz autorski program wspierania uzdolnie\u0144 muzycznych dzieci 5 i 6-cio letnich obejmuje przede wszystkim indywidualn\u0105 nauk\u0119 gry na instrumencie (pianino, skrzypce, flet prosty) a tak\u017ce udzia\u0142 w zespo\u0142ach perkusyjnych \u2013 instrument\u00f3w Orffa. Podczas przes\u0142uchania badamy poczucie rytmu i tempa, s\u0142uch melodyczny (wysoko\u015bciowy), pami\u0119\u0107 muzyczn\u0105 oraz og\u00f3lne predyspozycje ruchowe.<\/p>\n<p><strong>Pierwsze badanie predyspozycji muzycznych odby\u0142o si\u0119 we czwartek, 8 wrze\u015bnia. Ostateczne wyniki zostan\u0105 opublikowane po 15 wrze\u015bnia.<br \/>\n<\/strong><\/p>\n<p><strong> Wi\u0119cej informacji o samym programie, a tak\u017ce <\/strong><strong>listy dzieci, kt\u00f3re pozytywnie przesz\u0142y badanie predyspozycji muzycznych i zosta\u0142y zakwalifikowane do realizacji dodatkowych zaj\u0119\u0107 znajdziecie Pa\u0144stwo w zak\u0142adce &#8222;Dla Rodzic\u00f3w\/Dzia\u0142ania muzyczne&#8221;:<\/strong><\/p>\n<p><a href=\"https:\/\/przedszkole18.edu.wroclaw.pl\/index.php\/dzialania-muzyczne\/\">https:\/\/przedszkole18.edu.wroclaw.pl\/index.php\/dzialania-muzyczne\/<\/a><\/p>\n<p>Nauczyciele muzyki<\/p>\n","protected":false},"excerpt":{"rendered":"<p>Drodzy Rodzice Wrzesie\u0144 to miesi\u0105c, w kt\u00f3rym w naszym przedszkolu odbywaj\u0105 si\u0119 badania uzdolnie\u0144 muzycznych wszystkich dzieci pi\u0119cioletnich i sze\u015bcioletnich. Wyniki przes\u0142ucha\u0144 warunkuj\u0105 zakwalifikowanie dzieci do realizacji rozszerzonego programu wychowania [&hellip;]<\/p>\n","protected":false},"author":105,"featured_media":1772,"comment_status":"closed","ping_status":"closed","sticky":false,"template":"","format":"standard","meta":{"ngg_post_thumbnail":0,"footnotes":""},"categories":[3],"tags":[],"class_list":["post-7247","post","type-post","status-publish","format-standard","has-post-thumbnail","hentry","category-aktualnosci","clearfix"],"_links":{"self":[{"href":"https:\/\/przedszkole18.edu.wroclaw.pl\/index.php\/wp-json\/wp\/v2\/posts\/7247","targetHints":{"allow":["GET"]}}],"collection":[{"href":"https:\/\/przedszkole18.edu.wroclaw.pl\/index.php\/wp-json\/wp\/v2\/posts"}],"about":[{"href":"https:\/\/przedszkole18.edu.wroclaw.pl\/index.php\/wp-json\/wp\/v2\/types\/post"}],"author":[{"embeddable":true,"href":"https:\/\/przedszkole18.edu.wroclaw.pl\/index.php\/wp-json\/wp\/v2\/users\/105"}],"replies":[{"embeddable":true,"href":"https:\/\/przedszkole18.edu.wroclaw.pl\/index.php\/wp-json\/wp\/v2\/comments?post=7247"}],"version-history":[{"count":2,"href":"https:\/\/przedszkole18.edu.wroclaw.pl\/index.php\/wp-json\/wp\/v2\/posts\/7247\/revisions"}],"predecessor-version":[{"id":7249,"href":"https:\/\/przedszkole18.edu.wroclaw.pl\/index.php\/wp-json\/wp\/v2\/posts\/7247\/revisions\/7249"}],"wp:featuredmedia":[{"embeddable":true,"href":"https:\/\/przedszkole18.edu.wroclaw.pl\/index.php\/wp-json\/wp\/v2\/media\/1772"}],"wp:attachment":[{"href":"https:\/\/przedszkole18.edu.wroclaw.pl\/index.php\/wp-json\/wp\/v2\/media?parent=7247"}],"wp:term":[{"taxonomy":"category","embeddable":true,"href":"https:\/\/przedszkole18.edu.wroclaw.pl\/index.php\/wp-json\/wp\/v2\/categories?post=7247"},{"taxonomy":"post_tag","embeddable":true,"href":"https:\/\/przedszkole18.edu.wroclaw.pl\/index.php\/wp-json\/wp\/v2\/tags?post=7247"}],"curies":[{"name":"wp","href":"https:\/\/api.w.org\/{rel}","templated":true}]}}