
{"id":7268,"date":"2022-09-14T11:26:49","date_gmt":"2022-09-14T09:26:49","guid":{"rendered":"https:\/\/przedszkole18.edu.wroclaw.pl\/?p=7268"},"modified":"2022-09-14T11:28:20","modified_gmt":"2022-09-14T09:28:20","slug":"ubezpieczenie-nnw-3","status":"publish","type":"post","link":"https:\/\/przedszkole18.edu.wroclaw.pl\/index.php\/2022\/09\/14\/ubezpieczenie-nnw-3\/","title":{"rendered":"Ubezpieczenie NNW"},"content":{"rendered":"<p><span style=\"font-size: 14pt;color: #003366\"><em>Szanowni Pa\u0144stwo!<\/em><\/span><\/p>\n<p><span style=\"font-size: 14pt;color: #003366\"><em>Zgodnie z informacjami,\u00a0 przekazanymi na spotkaniach organizacyjnych przesy\u0142am propozycje, ubezpieczenia dzieci na nowy rok szkolny. Zach\u0119cam do przeczytania. Jestem do dyspozycji w tej sprawie 16 wrze\u015bnia w godzinach 16.00 &#8211; 17.30 <\/em><\/span><\/p>\n<p><a href=\"https:\/\/przedszkole18.edu.wroclaw.pl\/wp-content\/uploads\/sites\/36\/2022\/09\/Karta-Produktu-1.pdf\">Karta Produktu-1<\/a><\/p>\n<p><a href=\"https:\/\/przedszkole18.edu.wroclaw.pl\/wp-content\/uploads\/sites\/36\/2022\/09\/Obowiazek-Informacyjny-ADO-1.pdf\">Obowi\u0105zek Informacyjny ADO-1<\/a><\/p>\n<p><a href=\"https:\/\/przedszkole18.edu.wroclaw.pl\/wp-content\/uploads\/sites\/36\/2022\/09\/Ubezpieczenie-2022-23-15-tys..pdf\">Ubezpieczenie 2022-23 15 ty\u015b.<\/a><\/p>\n<p><a href=\"https:\/\/przedszkole18.edu.wroclaw.pl\/wp-content\/uploads\/sites\/36\/2022\/09\/Ubezpieczenie-2022-23.pdf\">Ubezpieczenie 2022-23<\/a><\/p>\n<p><span style=\"color: #003366\"><em>Pozdrawiam serdecznie. Dyrektor przedszkola Lidia Walczak-I\u017cycka \u00a0<\/em> <\/span><\/p>\n","protected":false},"excerpt":{"rendered":"<p>Szanowni Pa\u0144stwo! Zgodnie z informacjami,\u00a0 przekazanymi na spotkaniach organizacyjnych przesy\u0142am propozycje, ubezpieczenia dzieci na nowy rok szkolny. Zach\u0119cam do przeczytania. Jestem do dyspozycji w tej sprawie 16 wrze\u015bnia w godzinach [&hellip;]<\/p>\n","protected":false},"author":115,"featured_media":0,"comment_status":"closed","ping_status":"closed","sticky":false,"template":"","format":"standard","meta":{"ngg_post_thumbnail":0,"footnotes":""},"categories":[3],"tags":[],"class_list":["post-7268","post","type-post","status-publish","format-standard","hentry","category-aktualnosci","clearfix"],"_links":{"self":[{"href":"https:\/\/przedszkole18.edu.wroclaw.pl\/index.php\/wp-json\/wp\/v2\/posts\/7268","targetHints":{"allow":["GET"]}}],"collection":[{"href":"https:\/\/przedszkole18.edu.wroclaw.pl\/index.php\/wp-json\/wp\/v2\/posts"}],"about":[{"href":"https:\/\/przedszkole18.edu.wroclaw.pl\/index.php\/wp-json\/wp\/v2\/types\/post"}],"author":[{"embeddable":true,"href":"https:\/\/przedszkole18.edu.wroclaw.pl\/index.php\/wp-json\/wp\/v2\/users\/115"}],"replies":[{"embeddable":true,"href":"https:\/\/przedszkole18.edu.wroclaw.pl\/index.php\/wp-json\/wp\/v2\/comments?post=7268"}],"version-history":[{"count":2,"href":"https:\/\/przedszkole18.edu.wroclaw.pl\/index.php\/wp-json\/wp\/v2\/posts\/7268\/revisions"}],"predecessor-version":[{"id":7270,"href":"https:\/\/przedszkole18.edu.wroclaw.pl\/index.php\/wp-json\/wp\/v2\/posts\/7268\/revisions\/7270"}],"wp:attachment":[{"href":"https:\/\/przedszkole18.edu.wroclaw.pl\/index.php\/wp-json\/wp\/v2\/media?parent=7268"}],"wp:term":[{"taxonomy":"category","embeddable":true,"href":"https:\/\/przedszkole18.edu.wroclaw.pl\/index.php\/wp-json\/wp\/v2\/categories?post=7268"},{"taxonomy":"post_tag","embeddable":true,"href":"https:\/\/przedszkole18.edu.wroclaw.pl\/index.php\/wp-json\/wp\/v2\/tags?post=7268"}],"curies":[{"name":"wp","href":"https:\/\/api.w.org\/{rel}","templated":true}]}}