
{"id":729,"date":"2019-04-01T20:28:40","date_gmt":"2019-04-01T18:28:40","guid":{"rendered":"https:\/\/przedszkole18.edu.wroclaw.pl\/?p=729"},"modified":"2019-04-01T20:28:40","modified_gmt":"2019-04-01T18:28:40","slug":"kwiecien-w-grupie-iv","status":"publish","type":"post","link":"https:\/\/przedszkole18.edu.wroclaw.pl\/index.php\/2019\/04\/01\/kwiecien-w-grupie-iv\/","title":{"rendered":"Kwiecie\u0144 w grupie IV"},"content":{"rendered":"<p><strong>Kwiecie\u0144 w grupie IV<br \/>\n<\/strong><br \/>\nTematyka:<br \/>\nI. Temat tygodnia: Wiosenne powroty<br \/>\nII. Temat tygodnia: Wiosna na wsi<br \/>\nIII. Temat tygodnia: Wielkanoc<\/p>\n<ol>\n<li>Temat tygodnia : Dbamy o przyrod\u0119\n<p><strong>Wiadomo\u015bci i umiej\u0119tno\u015bci dzieci<\/strong>.<\/li>\n<\/ol>\n<p>&#8211; poznajemy wielk\u0105 i ma\u0142\u0105 liter\u0119 J,j,F,f,\u017b,\u017c, H,h<br \/>\n&#8211; Czyta proste wyrazy i zdania , uk\u0142ada wyrazy z poznanych liter,<\/p>\n<p>\u2013 Wymienia charakterystyczne cechy budowy ptaka.<\/p>\n<p>\u2013 Wyja\u015bnia znaczenie ptak\u00f3w dla \u015brodowiska<br \/>\n\u2013 Opowiada historyjk\u0119, kieruj\u0105c si\u0119 tekstem opowiadania.<\/p>\n<p>\u2013 Uk\u0142ada dzia\u0142ania do wypowiedzianych s\u0142ownie zada\u0144.<\/p>\n<p>\u2013 Por\u00f3wnuje d\u0142ugo\u015b\u0107 i wysoko\u015b\u0107 przedmiot\u00f3w<\/p>\n<p>\u2013 Ocenia warto\u015b\u0107 logiczn\u0105 zda\u0144.<\/p>\n<p>\u2013 Rozwi\u0105zuje proste zadania matematyczne.<\/p>\n<p>-Wyja\u015bnia znaczenie barwy ochronnej w \u017cyciu zwierz\u0105t.<\/p>\n<p>\u2013 Rozpoznaje i nazywa zwierz\u0119ta z wiejskiego podw\u00f3rka.<\/p>\n<p>\u2013 Nazywa domy zwierz\u0105t hodowanych na wsi.<\/p>\n<p>\u2013 Okre\u015bla, jakie pokarmy spo\u017cywaj\u0105 zwierz\u0119ta hodowane na wsi.<\/p>\n<p>\u2013 Podaje przyk\u0142ady wykorzystania we\u0142ny, w\u0142osia ko\u0144skiego, pi\u00f3r, jajek, mleka.<\/p>\n<p>\u2013 Recytuje wiersz M. Buczk\u00f3wny <em>Tylko jeden raz.<\/em><\/p>\n<p>\u2013 Okre\u015bla po\u0142o\u017cenie przedmiot\u00f3w w przestrzeni.<\/p>\n<p>\u2013 Przelicza przedmioty i segreguje wed\u0142ug podanej cechy.<\/p>\n<p>\u2013 Wypowiada si\u0119 na temat znaczenia wody w przyrodzie.<\/p>\n<p>\u2013 Wie o zanieczyszczeniach zawartych w wodzie i ich wp\u0142ywie na \u015brodowisko.<\/p>\n<p>\u2013 Podaje sposoby oszcz\u0119dzania wody. Wymienia sposoby ochrony przyrody<\/p>\n<p>\u2013 Wyja\u015bnia rol\u0119 drzew w \u017cyciu ludzi i zwierz\u0105t.<\/p>\n<p>\u2013 Wyja\u015bnia znaczenie s\u0142\u00f3w: <em>ekolog, recykling.<\/em><br \/>\n&#8211; aktywnie uczestniczy w \u0107wiczeniach gimnastycznych<\/p>\n","protected":false},"excerpt":{"rendered":"<p>Kwiecie\u0144 w grupie IV Tematyka: I. Temat tygodnia: Wiosenne powroty II. Temat tygodnia: Wiosna na wsi III. Temat tygodnia: Wielkanoc Temat tygodnia : Dbamy o przyrod\u0119 Wiadomo\u015bci i umiej\u0119tno\u015bci dzieci. [&hellip;]<\/p>\n","protected":false},"author":103,"featured_media":0,"comment_status":"closed","ping_status":"closed","sticky":false,"template":"","format":"standard","meta":{"ngg_post_thumbnail":0,"footnotes":""},"categories":[1],"tags":[],"class_list":["post-729","post","type-post","status-publish","format-standard","hentry","category-bez-kategorii","clearfix"],"_links":{"self":[{"href":"https:\/\/przedszkole18.edu.wroclaw.pl\/index.php\/wp-json\/wp\/v2\/posts\/729","targetHints":{"allow":["GET"]}}],"collection":[{"href":"https:\/\/przedszkole18.edu.wroclaw.pl\/index.php\/wp-json\/wp\/v2\/posts"}],"about":[{"href":"https:\/\/przedszkole18.edu.wroclaw.pl\/index.php\/wp-json\/wp\/v2\/types\/post"}],"author":[{"embeddable":true,"href":"https:\/\/przedszkole18.edu.wroclaw.pl\/index.php\/wp-json\/wp\/v2\/users\/103"}],"replies":[{"embeddable":true,"href":"https:\/\/przedszkole18.edu.wroclaw.pl\/index.php\/wp-json\/wp\/v2\/comments?post=729"}],"version-history":[{"count":2,"href":"https:\/\/przedszkole18.edu.wroclaw.pl\/index.php\/wp-json\/wp\/v2\/posts\/729\/revisions"}],"predecessor-version":[{"id":731,"href":"https:\/\/przedszkole18.edu.wroclaw.pl\/index.php\/wp-json\/wp\/v2\/posts\/729\/revisions\/731"}],"wp:attachment":[{"href":"https:\/\/przedszkole18.edu.wroclaw.pl\/index.php\/wp-json\/wp\/v2\/media?parent=729"}],"wp:term":[{"taxonomy":"category","embeddable":true,"href":"https:\/\/przedszkole18.edu.wroclaw.pl\/index.php\/wp-json\/wp\/v2\/categories?post=729"},{"taxonomy":"post_tag","embeddable":true,"href":"https:\/\/przedszkole18.edu.wroclaw.pl\/index.php\/wp-json\/wp\/v2\/tags?post=729"}],"curies":[{"name":"wp","href":"https:\/\/api.w.org\/{rel}","templated":true}]}}