
{"id":7294,"date":"2022-09-19T10:45:06","date_gmt":"2022-09-19T08:45:06","guid":{"rendered":"https:\/\/przedszkole18.edu.wroclaw.pl\/?p=7294"},"modified":"2022-09-19T10:50:07","modified_gmt":"2022-09-19T08:50:07","slug":"spotkanie-rady-rodzicow-2","status":"publish","type":"post","link":"https:\/\/przedszkole18.edu.wroclaw.pl\/index.php\/2022\/09\/19\/spotkanie-rady-rodzicow-2\/","title":{"rendered":"Spotkanie Rady Rodzic\u00f3w."},"content":{"rendered":"<p><span style=\"font-size: 14pt;color: #003366\">Zapraszam na pierwsze w tym roku szkolnym, spotkanie Rady Rodzic\u00f3w w dniu 22 wrze\u015bnia\/ czwartek\/ godzina 16.00\u00a0 sala grupy IV.\u00a0 <\/span><\/p>\n<p><span style=\"font-size: 14pt;color: #003366\">Om\u00f3wimy wszystkie wa\u017cne informacje dotycz\u0105ce funkcjonowania przedszkola w bie\u017c\u0105cym roku szkolnym, a tak\u017ce\u00a0 nasze wsp\u00f3lne, wa\u017cne dla przedszkola dzia\u0142ania. <\/span><\/p>\n<p><span style=\"font-size: 14pt;color: #333399\"><span style=\"font-size: 12pt\">Zapraszam serdecznie do zobaczenia. Dyrektor przedszkola Lidia Walczak-I\u017cycka \u00a0<\/span> <\/span><\/p>\n","protected":false},"excerpt":{"rendered":"<p>Zapraszam na pierwsze w tym roku szkolnym, spotkanie Rady Rodzic\u00f3w w dniu 22 wrze\u015bnia\/ czwartek\/ godzina 16.00\u00a0 sala grupy IV.\u00a0 Om\u00f3wimy wszystkie wa\u017cne informacje dotycz\u0105ce funkcjonowania przedszkola w bie\u017c\u0105cym roku [&hellip;]<\/p>\n","protected":false},"author":115,"featured_media":0,"comment_status":"closed","ping_status":"closed","sticky":false,"template":"","format":"standard","meta":{"ngg_post_thumbnail":0,"footnotes":""},"categories":[3],"tags":[],"class_list":["post-7294","post","type-post","status-publish","format-standard","hentry","category-aktualnosci","clearfix"],"_links":{"self":[{"href":"https:\/\/przedszkole18.edu.wroclaw.pl\/index.php\/wp-json\/wp\/v2\/posts\/7294","targetHints":{"allow":["GET"]}}],"collection":[{"href":"https:\/\/przedszkole18.edu.wroclaw.pl\/index.php\/wp-json\/wp\/v2\/posts"}],"about":[{"href":"https:\/\/przedszkole18.edu.wroclaw.pl\/index.php\/wp-json\/wp\/v2\/types\/post"}],"author":[{"embeddable":true,"href":"https:\/\/przedszkole18.edu.wroclaw.pl\/index.php\/wp-json\/wp\/v2\/users\/115"}],"replies":[{"embeddable":true,"href":"https:\/\/przedszkole18.edu.wroclaw.pl\/index.php\/wp-json\/wp\/v2\/comments?post=7294"}],"version-history":[{"count":2,"href":"https:\/\/przedszkole18.edu.wroclaw.pl\/index.php\/wp-json\/wp\/v2\/posts\/7294\/revisions"}],"predecessor-version":[{"id":7296,"href":"https:\/\/przedszkole18.edu.wroclaw.pl\/index.php\/wp-json\/wp\/v2\/posts\/7294\/revisions\/7296"}],"wp:attachment":[{"href":"https:\/\/przedszkole18.edu.wroclaw.pl\/index.php\/wp-json\/wp\/v2\/media?parent=7294"}],"wp:term":[{"taxonomy":"category","embeddable":true,"href":"https:\/\/przedszkole18.edu.wroclaw.pl\/index.php\/wp-json\/wp\/v2\/categories?post=7294"},{"taxonomy":"post_tag","embeddable":true,"href":"https:\/\/przedszkole18.edu.wroclaw.pl\/index.php\/wp-json\/wp\/v2\/tags?post=7294"}],"curies":[{"name":"wp","href":"https:\/\/api.w.org\/{rel}","templated":true}]}}