
{"id":733,"date":"2019-04-03T21:05:57","date_gmt":"2019-04-03T19:05:57","guid":{"rendered":"https:\/\/przedszkole18.edu.wroclaw.pl\/?p=733"},"modified":"2019-04-03T21:10:06","modified_gmt":"2019-04-03T19:10:06","slug":"w-lemkowskiej-chacie","status":"publish","type":"post","link":"https:\/\/przedszkole18.edu.wroclaw.pl\/index.php\/2019\/04\/03\/w-lemkowskiej-chacie\/","title":{"rendered":"&#8222;W \u0142emkowskiej chacie&#8221;"},"content":{"rendered":"<p style=\"text-align: center\">W <strong>pi\u0105tek, 5.04.2019<\/strong> b\u0119dziemy go\u015bci\u0107 w naszym przedszkolu Pani\u0105 Dari\u0119 Kuziak, kt\u00f3ra opowie nam o niezwyk\u0142ej kulturze \u0141emk\u00f3w, przedstawi m.in. \u0142emkowsk\u0105 gwar\u0119, str\u00f3j,tradycyjne zabawy i ta\u0144ce.<\/p>\n<p style=\"text-align: center\"><strong>Zapraszamy!<img loading=\"lazy\" decoding=\"async\" class=\"aligncenter size-medium wp-image-734\" src=\"https:\/\/przedszkole18.edu.wroclaw.pl\/wp-content\/uploads\/sites\/36\/2019\/04\/audycja_plak-1-212x300.jpg\" alt=\"\" width=\"212\" height=\"300\" \/><\/strong><\/p>\n","protected":false},"excerpt":{"rendered":"<p>W pi\u0105tek, 5.04.2019 b\u0119dziemy go\u015bci\u0107 w naszym przedszkolu Pani\u0105 Dari\u0119 Kuziak, kt\u00f3ra opowie nam o niezwyk\u0142ej kulturze \u0141emk\u00f3w, przedstawi m.in. \u0142emkowsk\u0105 gwar\u0119, str\u00f3j,tradycyjne zabawy i ta\u0144ce. Zapraszamy!<\/p>\n","protected":false},"author":105,"featured_media":29,"comment_status":"closed","ping_status":"closed","sticky":false,"template":"","format":"standard","meta":{"ngg_post_thumbnail":0,"footnotes":""},"categories":[1],"tags":[],"class_list":["post-733","post","type-post","status-publish","format-standard","has-post-thumbnail","hentry","category-bez-kategorii","clearfix"],"_links":{"self":[{"href":"https:\/\/przedszkole18.edu.wroclaw.pl\/index.php\/wp-json\/wp\/v2\/posts\/733","targetHints":{"allow":["GET"]}}],"collection":[{"href":"https:\/\/przedszkole18.edu.wroclaw.pl\/index.php\/wp-json\/wp\/v2\/posts"}],"about":[{"href":"https:\/\/przedszkole18.edu.wroclaw.pl\/index.php\/wp-json\/wp\/v2\/types\/post"}],"author":[{"embeddable":true,"href":"https:\/\/przedszkole18.edu.wroclaw.pl\/index.php\/wp-json\/wp\/v2\/users\/105"}],"replies":[{"embeddable":true,"href":"https:\/\/przedszkole18.edu.wroclaw.pl\/index.php\/wp-json\/wp\/v2\/comments?post=733"}],"version-history":[{"count":1,"href":"https:\/\/przedszkole18.edu.wroclaw.pl\/index.php\/wp-json\/wp\/v2\/posts\/733\/revisions"}],"predecessor-version":[{"id":736,"href":"https:\/\/przedszkole18.edu.wroclaw.pl\/index.php\/wp-json\/wp\/v2\/posts\/733\/revisions\/736"}],"wp:featuredmedia":[{"embeddable":true,"href":"https:\/\/przedszkole18.edu.wroclaw.pl\/index.php\/wp-json\/wp\/v2\/media\/29"}],"wp:attachment":[{"href":"https:\/\/przedszkole18.edu.wroclaw.pl\/index.php\/wp-json\/wp\/v2\/media?parent=733"}],"wp:term":[{"taxonomy":"category","embeddable":true,"href":"https:\/\/przedszkole18.edu.wroclaw.pl\/index.php\/wp-json\/wp\/v2\/categories?post=733"},{"taxonomy":"post_tag","embeddable":true,"href":"https:\/\/przedszkole18.edu.wroclaw.pl\/index.php\/wp-json\/wp\/v2\/tags?post=733"}],"curies":[{"name":"wp","href":"https:\/\/api.w.org\/{rel}","templated":true}]}}