
{"id":7333,"date":"2022-09-21T05:30:34","date_gmt":"2022-09-21T03:30:34","guid":{"rendered":"https:\/\/przedszkole18.edu.wroclaw.pl\/?p=7333"},"modified":"2022-09-21T05:30:34","modified_gmt":"2022-09-21T03:30:34","slug":"dzien-przedszkolaka","status":"publish","type":"post","link":"https:\/\/przedszkole18.edu.wroclaw.pl\/index.php\/2022\/09\/21\/dzien-przedszkolaka\/","title":{"rendered":"DZIE\u0143 PRZEDSZKOLAKA"},"content":{"rendered":"<p><span style=\"color: #008000\"><strong><span style=\"font-size: 14pt\">Wczoraj nasza spo\u0142eczno\u015b\u0107 przedszkolna obchodzi\u0142a <span style=\"color: #ff0000\">Dzie\u0144 Przedszkolaka<\/span>. <\/span><\/strong><\/span><\/p>\n<p><span style=\"color: #008000\"><strong><span style=\"font-size: 14pt\">Dzieci, opr\u00f3cz weso\u0142ych zabaw wykona\u0142y, wsp\u00f3lnie, pi\u0119kne plakaty, kt\u00f3re mo\u017cna\u00a0 zobaczy\u0107\u00a0 na parterze\u00a0 przedszkola(okolice szatni). Za aktywny udzia\u0142 w zaj\u0119ciach dzieci zosta\u0142y nagrodzone &#8222;medalami&#8221;. <\/span><\/strong><\/span><\/p>\n<p><span style=\"color: #008000\"><strong><span style=\"font-size: 14pt\">To by\u0142 radosny dzie\u0144, kt\u00f3ry przyczyni\u0142 si\u0119 do wi\u0119kszej integracji dzieci i mo\u017cliwo\u015bci wsp\u00f3lnego dzia\u0142ania.<\/span><\/strong><\/span><\/p>\n<p>&nbsp;<\/p>\n<p><a href=\"https:\/\/przedszkole18.edu.wroclaw.pl\/wp-content\/uploads\/sites\/36\/2022\/09\/IMG_20220920_124817-scaled.jpg\"><img loading=\"lazy\" decoding=\"async\" class=\"alignnone wp-image-7329 \" src=\"https:\/\/przedszkole18.edu.wroclaw.pl\/wp-content\/uploads\/sites\/36\/2022\/09\/IMG_20220920_124817-1024x768.jpg\" alt=\"dzie\u0144 Przedszkolaka - plakat\" width=\"407\" height=\"305\" \/><\/a><a href=\"https:\/\/przedszkole18.edu.wroclaw.pl\/wp-content\/uploads\/sites\/36\/2022\/09\/IMG_20220920_124726-scaled.jpg\"><img loading=\"lazy\" decoding=\"async\" class=\"alignnone  wp-image-7328\" src=\"https:\/\/przedszkole18.edu.wroclaw.pl\/wp-content\/uploads\/sites\/36\/2022\/09\/IMG_20220920_124726-768x1024.jpg\" alt=\"\" width=\"357\" height=\"476\" \/><\/a><a href=\"https:\/\/przedszkole18.edu.wroclaw.pl\/wp-content\/uploads\/sites\/36\/2022\/09\/IMG_20220920_124718-scaled.jpg\"><img loading=\"lazy\" decoding=\"async\" class=\"alignnone  wp-image-7327\" src=\"https:\/\/przedszkole18.edu.wroclaw.pl\/wp-content\/uploads\/sites\/36\/2022\/09\/IMG_20220920_124718-1024x768.jpg\" alt=\"\" width=\"386\" height=\"290\" \/><\/a><a href=\"https:\/\/przedszkole18.edu.wroclaw.pl\/wp-content\/uploads\/sites\/36\/2022\/09\/IMG_20220920_124830-scaled.jpg\"><img loading=\"lazy\" decoding=\"async\" class=\"alignnone  wp-image-7330\" src=\"https:\/\/przedszkole18.edu.wroclaw.pl\/wp-content\/uploads\/sites\/36\/2022\/09\/IMG_20220920_124830-1024x768.jpg\" alt=\"\" width=\"356\" height=\"267\" \/><\/a><a href=\"https:\/\/przedszkole18.edu.wroclaw.pl\/wp-content\/uploads\/sites\/36\/2022\/09\/IMG_20220920_124835-scaled.jpg\"><img loading=\"lazy\" decoding=\"async\" class=\"alignnone  wp-image-7331\" src=\"https:\/\/przedszkole18.edu.wroclaw.pl\/wp-content\/uploads\/sites\/36\/2022\/09\/IMG_20220920_124835-768x1024.jpg\" alt=\"dzie\u0144 przedszkolaka - plakat grupa IVA\" width=\"381\" height=\"508\" \/><\/a><\/p>\n","protected":false},"excerpt":{"rendered":"<p>Wczoraj nasza spo\u0142eczno\u015b\u0107 przedszkolna obchodzi\u0142a Dzie\u0144 Przedszkolaka. Dzieci, opr\u00f3cz weso\u0142ych zabaw wykona\u0142y, wsp\u00f3lnie, pi\u0119kne plakaty, kt\u00f3re mo\u017cna\u00a0 zobaczy\u0107\u00a0 na parterze\u00a0 przedszkola(okolice szatni). Za aktywny udzia\u0142 w zaj\u0119ciach dzieci zosta\u0142y nagrodzone [&hellip;]<\/p>\n","protected":false},"author":108,"featured_media":0,"comment_status":"closed","ping_status":"closed","sticky":false,"template":"","format":"standard","meta":{"ngg_post_thumbnail":0,"footnotes":""},"categories":[3],"tags":[],"class_list":["post-7333","post","type-post","status-publish","format-standard","hentry","category-aktualnosci","clearfix"],"_links":{"self":[{"href":"https:\/\/przedszkole18.edu.wroclaw.pl\/index.php\/wp-json\/wp\/v2\/posts\/7333","targetHints":{"allow":["GET"]}}],"collection":[{"href":"https:\/\/przedszkole18.edu.wroclaw.pl\/index.php\/wp-json\/wp\/v2\/posts"}],"about":[{"href":"https:\/\/przedszkole18.edu.wroclaw.pl\/index.php\/wp-json\/wp\/v2\/types\/post"}],"author":[{"embeddable":true,"href":"https:\/\/przedszkole18.edu.wroclaw.pl\/index.php\/wp-json\/wp\/v2\/users\/108"}],"replies":[{"embeddable":true,"href":"https:\/\/przedszkole18.edu.wroclaw.pl\/index.php\/wp-json\/wp\/v2\/comments?post=7333"}],"version-history":[{"count":1,"href":"https:\/\/przedszkole18.edu.wroclaw.pl\/index.php\/wp-json\/wp\/v2\/posts\/7333\/revisions"}],"predecessor-version":[{"id":7334,"href":"https:\/\/przedszkole18.edu.wroclaw.pl\/index.php\/wp-json\/wp\/v2\/posts\/7333\/revisions\/7334"}],"wp:attachment":[{"href":"https:\/\/przedszkole18.edu.wroclaw.pl\/index.php\/wp-json\/wp\/v2\/media?parent=7333"}],"wp:term":[{"taxonomy":"category","embeddable":true,"href":"https:\/\/przedszkole18.edu.wroclaw.pl\/index.php\/wp-json\/wp\/v2\/categories?post=7333"},{"taxonomy":"post_tag","embeddable":true,"href":"https:\/\/przedszkole18.edu.wroclaw.pl\/index.php\/wp-json\/wp\/v2\/tags?post=7333"}],"curies":[{"name":"wp","href":"https:\/\/api.w.org\/{rel}","templated":true}]}}