
{"id":7336,"date":"2022-09-21T12:27:07","date_gmt":"2022-09-21T10:27:07","guid":{"rendered":"https:\/\/przedszkole18.edu.wroclaw.pl\/?p=7336"},"modified":"2022-09-21T12:28:51","modified_gmt":"2022-09-21T10:28:51","slug":"ubezpieczenie-nnw-4","status":"publish","type":"post","link":"https:\/\/przedszkole18.edu.wroclaw.pl\/index.php\/2022\/09\/21\/ubezpieczenie-nnw-4\/","title":{"rendered":"Ubezpieczenie NNW"},"content":{"rendered":"<p><span style=\"color: #000080\"><span style=\"font-size: 14pt\">Rodzice\u00a0 zainteresowani\u00a0 wp\u0142at\u0105 na ubezpieczenie NNW informuj\u0119, \u017ce\u00a0 wp\u0142aty mo\u017cna dokona\u0107 w dniu 22,23 wrze\u015bnia w godzinach 7.00-8.30\u00a0\u00a0 Osoba do kontaktu\u00a0 Pani Ewa Kubiak,\u00a0 dy\u017curuj\u0105ca w szatni w godzinach porannych. <\/span><\/span><\/p>\n<p><span style=\"color: #000080\"><span style=\"font-size: 14pt\">Prosz\u0119 o przygotowanie nr PESEL dziecka oraz\u00a0 wybran\u0105 przez Pa\u0144stwa kwot\u0119.\u00a0 Pozdrawiam i zapraszam.<\/span> <\/span><\/p>\n","protected":false},"excerpt":{"rendered":"<p>Rodzice\u00a0 zainteresowani\u00a0 wp\u0142at\u0105 na ubezpieczenie NNW informuj\u0119, \u017ce\u00a0 wp\u0142aty mo\u017cna dokona\u0107 w dniu 22,23 wrze\u015bnia w godzinach 7.00-8.30\u00a0\u00a0 Osoba do kontaktu\u00a0 Pani Ewa Kubiak,\u00a0 dy\u017curuj\u0105ca w szatni w godzinach porannych. [&hellip;]<\/p>\n","protected":false},"author":115,"featured_media":0,"comment_status":"closed","ping_status":"closed","sticky":false,"template":"","format":"standard","meta":{"ngg_post_thumbnail":0,"footnotes":""},"categories":[3],"tags":[],"class_list":["post-7336","post","type-post","status-publish","format-standard","hentry","category-aktualnosci","clearfix"],"_links":{"self":[{"href":"https:\/\/przedszkole18.edu.wroclaw.pl\/index.php\/wp-json\/wp\/v2\/posts\/7336","targetHints":{"allow":["GET"]}}],"collection":[{"href":"https:\/\/przedszkole18.edu.wroclaw.pl\/index.php\/wp-json\/wp\/v2\/posts"}],"about":[{"href":"https:\/\/przedszkole18.edu.wroclaw.pl\/index.php\/wp-json\/wp\/v2\/types\/post"}],"author":[{"embeddable":true,"href":"https:\/\/przedszkole18.edu.wroclaw.pl\/index.php\/wp-json\/wp\/v2\/users\/115"}],"replies":[{"embeddable":true,"href":"https:\/\/przedszkole18.edu.wroclaw.pl\/index.php\/wp-json\/wp\/v2\/comments?post=7336"}],"version-history":[{"count":3,"href":"https:\/\/przedszkole18.edu.wroclaw.pl\/index.php\/wp-json\/wp\/v2\/posts\/7336\/revisions"}],"predecessor-version":[{"id":7339,"href":"https:\/\/przedszkole18.edu.wroclaw.pl\/index.php\/wp-json\/wp\/v2\/posts\/7336\/revisions\/7339"}],"wp:attachment":[{"href":"https:\/\/przedszkole18.edu.wroclaw.pl\/index.php\/wp-json\/wp\/v2\/media?parent=7336"}],"wp:term":[{"taxonomy":"category","embeddable":true,"href":"https:\/\/przedszkole18.edu.wroclaw.pl\/index.php\/wp-json\/wp\/v2\/categories?post=7336"},{"taxonomy":"post_tag","embeddable":true,"href":"https:\/\/przedszkole18.edu.wroclaw.pl\/index.php\/wp-json\/wp\/v2\/tags?post=7336"}],"curies":[{"name":"wp","href":"https:\/\/api.w.org\/{rel}","templated":true}]}}