
{"id":7372,"date":"2022-09-24T16:53:55","date_gmt":"2022-09-24T14:53:55","guid":{"rendered":"https:\/\/przedszkole18.edu.wroclaw.pl\/?p=7372"},"modified":"2022-09-24T16:53:55","modified_gmt":"2022-09-24T14:53:55","slug":"dzien-kropki","status":"publish","type":"post","link":"https:\/\/przedszkole18.edu.wroclaw.pl\/index.php\/2022\/09\/24\/dzien-kropki\/","title":{"rendered":"DZIE\u0143 KROPKI"},"content":{"rendered":"<p><strong>DZIEN KROPKI ZA NAMI \ud83d\ude42\u00a0 <\/strong><\/p>\n<p>W tym dniu dzieci :<\/p>\n<p style=\"text-align: left\">doskonali\u0142y umiej\u0119tno\u015b\u0107 tw\u00f3rczego my\u015blenia, wnioskowania ,uwa\u017cnie s\u0142ucha\u0142y opowiadania pt.: &#8221; Kropka&#8221;,<br \/>\nbra\u0142y udzia\u0142 w zabawie ruchowej ,budowa\u0142y poczucie w\u0142asnej warto\u015bci, doskonali\u0142y umiej\u0119tno\u015b\u0107 kodowania, orientacji na kartce papieru, u\u017cywania symboli \ud83d\ude42<\/p>\n\n<p>&nbsp;<\/p>\n<p>&nbsp;<\/p>\n","protected":false},"excerpt":{"rendered":"<p>DZIEN KROPKI ZA NAMI \ud83d\ude42\u00a0 W tym dniu dzieci : doskonali\u0142y umiej\u0119tno\u015b\u0107 tw\u00f3rczego my\u015blenia, wnioskowania ,uwa\u017cnie s\u0142ucha\u0142y opowiadania pt.: &#8221; Kropka&#8221;, bra\u0142y udzia\u0142 w zabawie ruchowej ,budowa\u0142y poczucie w\u0142asnej warto\u015bci, [&hellip;]<\/p>\n","protected":false},"author":112,"featured_media":0,"comment_status":"closed","ping_status":"closed","sticky":false,"template":"","format":"standard","meta":{"ngg_post_thumbnail":0,"footnotes":""},"categories":[3],"tags":[],"class_list":["post-7372","post","type-post","status-publish","format-standard","hentry","category-aktualnosci","clearfix"],"_links":{"self":[{"href":"https:\/\/przedszkole18.edu.wroclaw.pl\/index.php\/wp-json\/wp\/v2\/posts\/7372","targetHints":{"allow":["GET"]}}],"collection":[{"href":"https:\/\/przedszkole18.edu.wroclaw.pl\/index.php\/wp-json\/wp\/v2\/posts"}],"about":[{"href":"https:\/\/przedszkole18.edu.wroclaw.pl\/index.php\/wp-json\/wp\/v2\/types\/post"}],"author":[{"embeddable":true,"href":"https:\/\/przedszkole18.edu.wroclaw.pl\/index.php\/wp-json\/wp\/v2\/users\/112"}],"replies":[{"embeddable":true,"href":"https:\/\/przedszkole18.edu.wroclaw.pl\/index.php\/wp-json\/wp\/v2\/comments?post=7372"}],"version-history":[{"count":1,"href":"https:\/\/przedszkole18.edu.wroclaw.pl\/index.php\/wp-json\/wp\/v2\/posts\/7372\/revisions"}],"predecessor-version":[{"id":7382,"href":"https:\/\/przedszkole18.edu.wroclaw.pl\/index.php\/wp-json\/wp\/v2\/posts\/7372\/revisions\/7382"}],"wp:attachment":[{"href":"https:\/\/przedszkole18.edu.wroclaw.pl\/index.php\/wp-json\/wp\/v2\/media?parent=7372"}],"wp:term":[{"taxonomy":"category","embeddable":true,"href":"https:\/\/przedszkole18.edu.wroclaw.pl\/index.php\/wp-json\/wp\/v2\/categories?post=7372"},{"taxonomy":"post_tag","embeddable":true,"href":"https:\/\/przedszkole18.edu.wroclaw.pl\/index.php\/wp-json\/wp\/v2\/tags?post=7372"}],"curies":[{"name":"wp","href":"https:\/\/api.w.org\/{rel}","templated":true}]}}