
{"id":7473,"date":"2022-10-06T17:46:49","date_gmt":"2022-10-06T15:46:49","guid":{"rendered":"https:\/\/przedszkole18.edu.wroclaw.pl\/?p=7473"},"modified":"2022-10-06T17:46:49","modified_gmt":"2022-10-06T15:46:49","slug":"wazne-21","status":"publish","type":"post","link":"https:\/\/przedszkole18.edu.wroclaw.pl\/index.php\/2022\/10\/06\/wazne-21\/","title":{"rendered":"Wa\u017cne!"},"content":{"rendered":"<p><span style=\"color: #000080\"><strong>S<\/strong><strong><span style=\"color: #000080\">za<\/span>nowni Pa\u0144stwo, otrzyma\u0142am informacj\u0119 o powracaj\u0105cym problemie dotycz\u0105cym czysto\u015bci g\u0142\u00f3w naszych wychowank\u00f3w.<\/strong><\/span><\/p>\n<p><span style=\"color: #000080\"><strong> Bardzo prosz\u0119, wr\u0119cz zobowi\u0105zuj\u0119 Pa\u0144stwa,\u00a0 do codziennego sprawdzania g\u0142\u00f3w we wszystkich grupach. W przypadku znalezienia u dzieci wszy g\u0142owowej &#8211; prosz\u0119 zastosowa\u0107 dziecku w\u0142a\u015bciwe preparaty i przyprowadzi\u0107 dziecko po wyczyszczeniu w\u0142os\u00f3w. \u00a0 <\/strong><\/span><\/p>\n<p><span style=\"color: #000080\"><strong>Prosz\u0119 pami\u0119ta\u0107, \u017ce dzieci przebywaj\u0105\u00a0 w grupach zbiorczych\u00a0 w godzinach porannych i popo\u0142udniowych, co zwi\u0119ksza ryzyko przemieszczania si\u0119 niepo\u017c\u0105danych &#8222;lokator\u00f3w&#8221; .\u00a0 Pozdrawiam\u00a0\u00a0 <\/strong>dyrektor plac\u00f3wki Lidia Walczak-I\u017cycka\u00a0 <\/span><\/p>\n","protected":false},"excerpt":{"rendered":"<p>Szanowni Pa\u0144stwo, otrzyma\u0142am informacj\u0119 o powracaj\u0105cym problemie dotycz\u0105cym czysto\u015bci g\u0142\u00f3w naszych wychowank\u00f3w. Bardzo prosz\u0119, wr\u0119cz zobowi\u0105zuj\u0119 Pa\u0144stwa,\u00a0 do codziennego sprawdzania g\u0142\u00f3w we wszystkich grupach. W przypadku znalezienia u dzieci wszy [&hellip;]<\/p>\n","protected":false},"author":115,"featured_media":0,"comment_status":"closed","ping_status":"closed","sticky":false,"template":"","format":"standard","meta":{"ngg_post_thumbnail":0,"footnotes":""},"categories":[3],"tags":[],"class_list":["post-7473","post","type-post","status-publish","format-standard","hentry","category-aktualnosci","clearfix"],"_links":{"self":[{"href":"https:\/\/przedszkole18.edu.wroclaw.pl\/index.php\/wp-json\/wp\/v2\/posts\/7473","targetHints":{"allow":["GET"]}}],"collection":[{"href":"https:\/\/przedszkole18.edu.wroclaw.pl\/index.php\/wp-json\/wp\/v2\/posts"}],"about":[{"href":"https:\/\/przedszkole18.edu.wroclaw.pl\/index.php\/wp-json\/wp\/v2\/types\/post"}],"author":[{"embeddable":true,"href":"https:\/\/przedszkole18.edu.wroclaw.pl\/index.php\/wp-json\/wp\/v2\/users\/115"}],"replies":[{"embeddable":true,"href":"https:\/\/przedszkole18.edu.wroclaw.pl\/index.php\/wp-json\/wp\/v2\/comments?post=7473"}],"version-history":[{"count":1,"href":"https:\/\/przedszkole18.edu.wroclaw.pl\/index.php\/wp-json\/wp\/v2\/posts\/7473\/revisions"}],"predecessor-version":[{"id":7481,"href":"https:\/\/przedszkole18.edu.wroclaw.pl\/index.php\/wp-json\/wp\/v2\/posts\/7473\/revisions\/7481"}],"wp:attachment":[{"href":"https:\/\/przedszkole18.edu.wroclaw.pl\/index.php\/wp-json\/wp\/v2\/media?parent=7473"}],"wp:term":[{"taxonomy":"category","embeddable":true,"href":"https:\/\/przedszkole18.edu.wroclaw.pl\/index.php\/wp-json\/wp\/v2\/categories?post=7473"},{"taxonomy":"post_tag","embeddable":true,"href":"https:\/\/przedszkole18.edu.wroclaw.pl\/index.php\/wp-json\/wp\/v2\/tags?post=7473"}],"curies":[{"name":"wp","href":"https:\/\/api.w.org\/{rel}","templated":true}]}}