
{"id":7696,"date":"2022-11-05T16:58:33","date_gmt":"2022-11-05T15:58:33","guid":{"rendered":"https:\/\/przedszkole18.edu.wroclaw.pl\/?p=7696"},"modified":"2022-11-05T16:58:33","modified_gmt":"2022-11-05T15:58:33","slug":"drodzy-rodzice-7","status":"publish","type":"post","link":"https:\/\/przedszkole18.edu.wroclaw.pl\/index.php\/2022\/11\/05\/drodzy-rodzice-7\/","title":{"rendered":"Drodzy rodzice!"},"content":{"rendered":"<p><span style=\"color: #000080\"><strong>Sesja zdj\u0119ciowa do kalendarza, odb\u0119dzie si\u0119 17 listopada\/czwartek\/ godzina 9.15 Koszt kompletu &#8211;\u00a0 39 z\u0142otych. Na ten moment nie p\u0142acimy za zdj\u0119cia,\u00a0 op\u0142at\u0119 wnosimy po otrzymaniu zdj\u0119\u0107 u nauczycieli grup. Pozdrawiam.\u00a0 \u00a0 <\/strong><\/span><\/p>\n","protected":false},"excerpt":{"rendered":"<p>Sesja zdj\u0119ciowa do kalendarza, odb\u0119dzie si\u0119 17 listopada\/czwartek\/ godzina 9.15 Koszt kompletu &#8211;\u00a0 39 z\u0142otych. Na ten moment nie p\u0142acimy za zdj\u0119cia,\u00a0 op\u0142at\u0119 wnosimy po otrzymaniu zdj\u0119\u0107 u nauczycieli grup. [&hellip;]<\/p>\n","protected":false},"author":115,"featured_media":0,"comment_status":"closed","ping_status":"closed","sticky":false,"template":"","format":"standard","meta":{"ngg_post_thumbnail":0,"footnotes":""},"categories":[3],"tags":[],"class_list":["post-7696","post","type-post","status-publish","format-standard","hentry","category-aktualnosci","clearfix"],"_links":{"self":[{"href":"https:\/\/przedszkole18.edu.wroclaw.pl\/index.php\/wp-json\/wp\/v2\/posts\/7696","targetHints":{"allow":["GET"]}}],"collection":[{"href":"https:\/\/przedszkole18.edu.wroclaw.pl\/index.php\/wp-json\/wp\/v2\/posts"}],"about":[{"href":"https:\/\/przedszkole18.edu.wroclaw.pl\/index.php\/wp-json\/wp\/v2\/types\/post"}],"author":[{"embeddable":true,"href":"https:\/\/przedszkole18.edu.wroclaw.pl\/index.php\/wp-json\/wp\/v2\/users\/115"}],"replies":[{"embeddable":true,"href":"https:\/\/przedszkole18.edu.wroclaw.pl\/index.php\/wp-json\/wp\/v2\/comments?post=7696"}],"version-history":[{"count":1,"href":"https:\/\/przedszkole18.edu.wroclaw.pl\/index.php\/wp-json\/wp\/v2\/posts\/7696\/revisions"}],"predecessor-version":[{"id":7697,"href":"https:\/\/przedszkole18.edu.wroclaw.pl\/index.php\/wp-json\/wp\/v2\/posts\/7696\/revisions\/7697"}],"wp:attachment":[{"href":"https:\/\/przedszkole18.edu.wroclaw.pl\/index.php\/wp-json\/wp\/v2\/media?parent=7696"}],"wp:term":[{"taxonomy":"category","embeddable":true,"href":"https:\/\/przedszkole18.edu.wroclaw.pl\/index.php\/wp-json\/wp\/v2\/categories?post=7696"},{"taxonomy":"post_tag","embeddable":true,"href":"https:\/\/przedszkole18.edu.wroclaw.pl\/index.php\/wp-json\/wp\/v2\/tags?post=7696"}],"curies":[{"name":"wp","href":"https:\/\/api.w.org\/{rel}","templated":true}]}}