
{"id":7718,"date":"2022-11-07T15:36:19","date_gmt":"2022-11-07T14:36:19","guid":{"rendered":"https:\/\/przedszkole18.edu.wroclaw.pl\/?p=7718"},"modified":"2022-11-13T11:53:05","modified_gmt":"2022-11-13T10:53:05","slug":"dzien-niepodleglosci-uroczystosc-w-wiolinku","status":"publish","type":"post","link":"https:\/\/przedszkole18.edu.wroclaw.pl\/index.php\/2022\/11\/07\/dzien-niepodleglosci-uroczystosc-w-wiolinku\/","title":{"rendered":"Dzie\u0144 Niepodleg\u0142o\u015bci- uroczysto\u015b\u0107 w &#8222;Wiolinku&#8221;"},"content":{"rendered":"<p><span style=\"color: #003366\"><strong><span style=\"font-size: 14pt\">Szanowni Pa\u0144stwo!<\/span><\/strong><\/span><\/p>\n<p><span style=\"color: #ff0000\"><span style=\"font-size: 14pt\">Z okazji 104 rocznicy odzyskania Niepodleg\u0142o\u015bci przez Polsk\u0119 w czwartek 10 listopada o godzinie 10.00 odb\u0119dzie si\u0119 kr\u00f3tka uroczysto\u015b\u0107. W wydarzeniu uczestnicz\u0105 wszystkie grupy przedszkolne.<\/span><\/span><\/p>\n<p><span style=\"color: #003366\"><strong><span style=\"font-size: 14pt\">Zobaczymy:<\/span><\/strong><\/span><\/p>\n<p><span style=\"color: #800000\"><span style=\"font-size: 14pt\"> Krakowiaka przygotowanego przez grup\u0119 III a<\/span><\/span><\/p>\n<p><span style=\"color: #800000\"><span style=\"font-size: 14pt\"> Polk\u0119\u00a0 przygotowan\u0105 przez grup\u0119 IV<\/span><\/span><\/p>\n<p><span style=\"color: #800000\"><span style=\"font-size: 14pt\">Taniec z chustami &#8222;Ojczyzna&#8221; przygotowany przez grup\u0119 IV a<\/span><\/span><\/p>\n<p><span style=\"color: #800000\"><span style=\"font-size: 14pt\">Wys\u0142uchamy piosenk\u0119 przygotowan\u0105 przez grup\u0119 IV a<\/span><\/span><\/p>\n<p><span style=\"color: #800000\"><span style=\"font-size: 14pt\">Oraz wsp\u00f3lnie od\u015bpiewamy hymn narodowy.<\/span><\/span><\/p>\n<p><span style=\"color: #003366\"><span style=\"font-size: 14pt\">Relacj\u0119\u00a0 z tego wydarzenia zamie\u015bcimy na stronie przedszkola. <strong>Prosimy o przygotowanie stroj\u00f3w galowych dla dzieci<\/strong>, by nada\u0107 temu wydarzeniu szczeg\u00f3lny charakter. <span style=\"font-size: 12pt\">Pozdrawiam i \u017cycz\u0119 zdrowia. Dyrektor przedszkola.<\/span><\/span> <\/span><\/p>\n","protected":false},"excerpt":{"rendered":"<p>Szanowni Pa\u0144stwo! Z okazji 104 rocznicy odzyskania Niepodleg\u0142o\u015bci przez Polsk\u0119 w czwartek 10 listopada o godzinie 10.00 odb\u0119dzie si\u0119 kr\u00f3tka uroczysto\u015b\u0107. W wydarzeniu uczestnicz\u0105 wszystkie grupy przedszkolne. Zobaczymy: Krakowiaka przygotowanego [&hellip;]<\/p>\n","protected":false},"author":115,"featured_media":7688,"comment_status":"closed","ping_status":"closed","sticky":false,"template":"","format":"standard","meta":{"ngg_post_thumbnail":0,"footnotes":""},"categories":[3],"tags":[],"class_list":["post-7718","post","type-post","status-publish","format-standard","has-post-thumbnail","hentry","category-aktualnosci","clearfix"],"_links":{"self":[{"href":"https:\/\/przedszkole18.edu.wroclaw.pl\/index.php\/wp-json\/wp\/v2\/posts\/7718","targetHints":{"allow":["GET"]}}],"collection":[{"href":"https:\/\/przedszkole18.edu.wroclaw.pl\/index.php\/wp-json\/wp\/v2\/posts"}],"about":[{"href":"https:\/\/przedszkole18.edu.wroclaw.pl\/index.php\/wp-json\/wp\/v2\/types\/post"}],"author":[{"embeddable":true,"href":"https:\/\/przedszkole18.edu.wroclaw.pl\/index.php\/wp-json\/wp\/v2\/users\/115"}],"replies":[{"embeddable":true,"href":"https:\/\/przedszkole18.edu.wroclaw.pl\/index.php\/wp-json\/wp\/v2\/comments?post=7718"}],"version-history":[{"count":1,"href":"https:\/\/przedszkole18.edu.wroclaw.pl\/index.php\/wp-json\/wp\/v2\/posts\/7718\/revisions"}],"predecessor-version":[{"id":7719,"href":"https:\/\/przedszkole18.edu.wroclaw.pl\/index.php\/wp-json\/wp\/v2\/posts\/7718\/revisions\/7719"}],"wp:featuredmedia":[{"embeddable":true,"href":"https:\/\/przedszkole18.edu.wroclaw.pl\/index.php\/wp-json\/wp\/v2\/media\/7688"}],"wp:attachment":[{"href":"https:\/\/przedszkole18.edu.wroclaw.pl\/index.php\/wp-json\/wp\/v2\/media?parent=7718"}],"wp:term":[{"taxonomy":"category","embeddable":true,"href":"https:\/\/przedszkole18.edu.wroclaw.pl\/index.php\/wp-json\/wp\/v2\/categories?post=7718"},{"taxonomy":"post_tag","embeddable":true,"href":"https:\/\/przedszkole18.edu.wroclaw.pl\/index.php\/wp-json\/wp\/v2\/tags?post=7718"}],"curies":[{"name":"wp","href":"https:\/\/api.w.org\/{rel}","templated":true}]}}