
{"id":7760,"date":"2022-11-14T14:35:10","date_gmt":"2022-11-14T13:35:10","guid":{"rendered":"https:\/\/przedszkole18.edu.wroclaw.pl\/?p=7760"},"modified":"2022-11-14T14:38:01","modified_gmt":"2022-11-14T13:38:01","slug":"wazne-23","status":"publish","type":"post","link":"https:\/\/przedszkole18.edu.wroclaw.pl\/index.php\/2022\/11\/14\/wazne-23\/","title":{"rendered":"WA\u017bNE !"},"content":{"rendered":"<p><span style=\"font-size: 14pt;color: #000080\">Szanowni Pa\u0144stwo! <\/span><\/p>\n<p><span style=\"font-size: 14pt;color: #000080\">Przypominam,\u00a0 wr\u0119cz napominam, wszystkich Pa\u0144stwa !\u00a0 <\/span><span style=\"font-size: 14pt;color: #000080\">Do przedszkola,\u00a0 przyprowadzamy wy\u0142\u0105cznie dzieci zdrowe,\u00a0 bez kataru i\u00a0 kaszlu. Coraz cz\u0119\u015bciej nauczyciele sygnalizuj\u0105,\u00a0 brak zrozumienia w tej kwestii z Pa\u0144stwa strony. Prosz\u0119\u00a0 pami\u0119ta\u0107, <\/span><span style=\"font-size: 14pt;color: #000080\"> \u017ce chore, niedoleczone\u00a0 dzieci,\u00a0 nara\u017caj\u0105\u00a0 tych,\u00a0 kt\u00f3rzy wraz z nimi korzystaj\u0105 z opieki przedszkola, nara\u017camy te\u017c pracownik\u00f3w, kt\u00f3rych nie ma kim zast\u0105pi\u0107 ! <\/span><\/p>\n<p><span style=\"font-size: 14pt;color: #000080\">Jak Pa\u0144stwo widz\u0105, jestem obecna we wszystkich grupach, zast\u0119puj\u0105c ka\u017cdego,\u00a0 kogo w danym momencie\u00a0 brakuje.\u00a0 Na ten moment,\u00a0 mam 2 wakaty pedagogiczne. To du\u017ce utrudnienie.\u00a0 Mimo zamieszczanych og\u0142osze\u0144 o poszukiwaniu pracownik\u00f3w, brak pozytywnych wiadomo\u015bci. Brakuje ch\u0119tnych do pracy w wielu plac\u00f3wkach o\u015bwiatowych. \u00a0 <\/span><\/p>\n<p><span style=\"font-size: 14pt;color: #000080\">Prosz\u0119 zatem szanujmy siebie, ale te\u017c pami\u0119tajmy o tych, kt\u00f3rzy pracuj\u0105 z Pa\u0144stwa dzie\u0107mi. <span style=\"font-size: 12pt\"><em><span style=\"color: #666699\">Pozdrawiam i \u017cycz\u0119 zdrowia. Dyrektor plac\u00f3wki . <\/span><\/em><\/span><\/span><\/p>\n","protected":false},"excerpt":{"rendered":"<p>Szanowni Pa\u0144stwo! Przypominam,\u00a0 wr\u0119cz napominam, wszystkich Pa\u0144stwa !\u00a0 Do przedszkola,\u00a0 przyprowadzamy wy\u0142\u0105cznie dzieci zdrowe,\u00a0 bez kataru i\u00a0 kaszlu. Coraz cz\u0119\u015bciej nauczyciele sygnalizuj\u0105,\u00a0 brak zrozumienia w tej kwestii z Pa\u0144stwa strony. [&hellip;]<\/p>\n","protected":false},"author":115,"featured_media":0,"comment_status":"closed","ping_status":"closed","sticky":false,"template":"","format":"standard","meta":{"ngg_post_thumbnail":0,"footnotes":""},"categories":[3],"tags":[],"class_list":["post-7760","post","type-post","status-publish","format-standard","hentry","category-aktualnosci","clearfix"],"_links":{"self":[{"href":"https:\/\/przedszkole18.edu.wroclaw.pl\/index.php\/wp-json\/wp\/v2\/posts\/7760","targetHints":{"allow":["GET"]}}],"collection":[{"href":"https:\/\/przedszkole18.edu.wroclaw.pl\/index.php\/wp-json\/wp\/v2\/posts"}],"about":[{"href":"https:\/\/przedszkole18.edu.wroclaw.pl\/index.php\/wp-json\/wp\/v2\/types\/post"}],"author":[{"embeddable":true,"href":"https:\/\/przedszkole18.edu.wroclaw.pl\/index.php\/wp-json\/wp\/v2\/users\/115"}],"replies":[{"embeddable":true,"href":"https:\/\/przedszkole18.edu.wroclaw.pl\/index.php\/wp-json\/wp\/v2\/comments?post=7760"}],"version-history":[{"count":1,"href":"https:\/\/przedszkole18.edu.wroclaw.pl\/index.php\/wp-json\/wp\/v2\/posts\/7760\/revisions"}],"predecessor-version":[{"id":7761,"href":"https:\/\/przedszkole18.edu.wroclaw.pl\/index.php\/wp-json\/wp\/v2\/posts\/7760\/revisions\/7761"}],"wp:attachment":[{"href":"https:\/\/przedszkole18.edu.wroclaw.pl\/index.php\/wp-json\/wp\/v2\/media?parent=7760"}],"wp:term":[{"taxonomy":"category","embeddable":true,"href":"https:\/\/przedszkole18.edu.wroclaw.pl\/index.php\/wp-json\/wp\/v2\/categories?post=7760"},{"taxonomy":"post_tag","embeddable":true,"href":"https:\/\/przedszkole18.edu.wroclaw.pl\/index.php\/wp-json\/wp\/v2\/tags?post=7760"}],"curies":[{"name":"wp","href":"https:\/\/api.w.org\/{rel}","templated":true}]}}