
{"id":779,"date":"2020-03-08T16:00:18","date_gmt":"2020-03-08T15:00:18","guid":{"rendered":"https:\/\/przedszkole18.edu.wroclaw.pl\/?p=779"},"modified":"2020-03-08T16:00:18","modified_gmt":"2020-03-08T15:00:18","slug":"rodzice-dzieci-z-gr-iv-a","status":"publish","type":"post","link":"https:\/\/przedszkole18.edu.wroclaw.pl\/index.php\/2020\/03\/08\/rodzice-dzieci-z-gr-iv-a\/","title":{"rendered":"RODZICE DZIECI Z GR.IV A"},"content":{"rendered":"<p><img loading=\"lazy\" decoding=\"async\" class=\"alignnone size-medium wp-image-781\" src=\"https:\/\/przedszkole18.edu.wroclaw.pl\/wp-content\/uploads\/sites\/36\/2020\/03\/obraz-0360-300x221.gif\" alt=\"\" width=\"300\" height=\"221\" \/><\/p>\n<p>Dnia 13.03.2020 r. wychodzimy do Teatru Lalek na spektakl pt. &#8221; Och, Emil &#8222;. Bardzo prosz\u0119 o eleganckie ubranie dla dzieci. Dzi\u0119kujemy za wsp\u00f3\u0142prac\u0119.<\/p>\n","protected":false},"excerpt":{"rendered":"<p>Dnia 13.03.2020 r. wychodzimy do Teatru Lalek na spektakl pt. &#8221; Och, Emil &#8222;. Bardzo prosz\u0119 o eleganckie ubranie dla dzieci. Dzi\u0119kujemy za wsp\u00f3\u0142prac\u0119.<\/p>\n","protected":false},"author":110,"featured_media":0,"comment_status":"closed","ping_status":"closed","sticky":false,"template":"","format":"standard","meta":{"ngg_post_thumbnail":0,"footnotes":""},"categories":[1],"tags":[],"class_list":["post-779","post","type-post","status-publish","format-standard","hentry","category-bez-kategorii","clearfix"],"_links":{"self":[{"href":"https:\/\/przedszkole18.edu.wroclaw.pl\/index.php\/wp-json\/wp\/v2\/posts\/779","targetHints":{"allow":["GET"]}}],"collection":[{"href":"https:\/\/przedszkole18.edu.wroclaw.pl\/index.php\/wp-json\/wp\/v2\/posts"}],"about":[{"href":"https:\/\/przedszkole18.edu.wroclaw.pl\/index.php\/wp-json\/wp\/v2\/types\/post"}],"author":[{"embeddable":true,"href":"https:\/\/przedszkole18.edu.wroclaw.pl\/index.php\/wp-json\/wp\/v2\/users\/110"}],"replies":[{"embeddable":true,"href":"https:\/\/przedszkole18.edu.wroclaw.pl\/index.php\/wp-json\/wp\/v2\/comments?post=779"}],"version-history":[{"count":2,"href":"https:\/\/przedszkole18.edu.wroclaw.pl\/index.php\/wp-json\/wp\/v2\/posts\/779\/revisions"}],"predecessor-version":[{"id":782,"href":"https:\/\/przedszkole18.edu.wroclaw.pl\/index.php\/wp-json\/wp\/v2\/posts\/779\/revisions\/782"}],"wp:attachment":[{"href":"https:\/\/przedszkole18.edu.wroclaw.pl\/index.php\/wp-json\/wp\/v2\/media?parent=779"}],"wp:term":[{"taxonomy":"category","embeddable":true,"href":"https:\/\/przedszkole18.edu.wroclaw.pl\/index.php\/wp-json\/wp\/v2\/categories?post=779"},{"taxonomy":"post_tag","embeddable":true,"href":"https:\/\/przedszkole18.edu.wroclaw.pl\/index.php\/wp-json\/wp\/v2\/tags?post=779"}],"curies":[{"name":"wp","href":"https:\/\/api.w.org\/{rel}","templated":true}]}}