
{"id":783,"date":"2020-03-09T10:13:13","date_gmt":"2020-03-09T09:13:13","guid":{"rendered":"https:\/\/przedszkole18.edu.wroclaw.pl\/?p=783"},"modified":"2020-03-11T21:31:29","modified_gmt":"2020-03-11T20:31:29","slug":"teatr-trakt-teczowe-klopoty","status":"publish","type":"post","link":"https:\/\/przedszkole18.edu.wroclaw.pl\/index.php\/2020\/03\/09\/teatr-trakt-teczowe-klopoty\/","title":{"rendered":"Teatr Trakt &#8222;T\u0119czowe k\u0142opoty&#8221;"},"content":{"rendered":"<p>6 marca w ramach realizacji projektu &#8222;\u015awiatowy Wroc\u0142aw&#8221; w naszym przedszkolu zago\u015bci\u0142 teatr Trakt ze spektaklem &#8222;T\u0119czowe k\u0142opoty&#8221;<\/p>\n<p><em>Dzieci mia\u0142y okazj\u0119 zobaczy\u0107 \u201ewielkie\u201d kuk\u0142y \u2013 lalki (nadmarionety), kt\u00f3re by\u0142y aktorami w tym\u017ce przedstawieniu.\u00a0 G\u0142\u00f3wni bohaterowie to Czarek &#8211; syn piekarza i Zuzanka &#8211; c\u00f3rka kwiaciarki. Historia dotyczy\u0142a pewnego\u00a0Miasteczka, nad kt\u00f3rym pewnej nocy rozp\u0119ta\u0142a si\u0119 straszliwa burza, a po burzy na niebie pojawi\u0142a si\u0119 t\u0119cza. Kiedy rano mieszka\u0144cy obudzili si\u0119 okaza\u0142o si\u0119, \u017ce po\u0142owa z nich jest\u00a0kolorowa\u00a0a po\u0142owa\u00a0czarno-bia\u0142a. Na pocz\u0105tku tylko si\u0119 sobie przygl\u0105dali, ale ju\u017c po chwili kolorowi uciekali przed czarno-bia\u0142ymi a czarno-biali zamykali drzwi i okna na widok kolorowych. Nie pozwalano dzieciom bawi\u0107 si\u0119 ze sob\u0105. Tylko\u00a0Zuzanka\u00a0i\u00a0Czarek\u00a0nie rozumieli, dlaczego ludzie tak post\u0119puj\u0105. Postanowili pogodzi\u0107 zwa\u015bnione strony.<\/em><\/p>\n<p><em>Aktorzy w spos\u00f3b mistrzowski pokazali dzieciom, \u017ce w \u017cyciu nie mo\u017cemy patrze\u0107 na kolor sk\u00f3ry innego cz\u0142owieka lecz na serce i dobry charakter.<\/em><\/p>\n<p>&nbsp;<\/p>\n","protected":false},"excerpt":{"rendered":"<p>6 marca w ramach realizacji projektu &#8222;\u015awiatowy Wroc\u0142aw&#8221; w naszym przedszkolu zago\u015bci\u0142 teatr Trakt ze spektaklem &#8222;T\u0119czowe k\u0142opoty&#8221; Dzieci mia\u0142y okazj\u0119 zobaczy\u0107 \u201ewielkie\u201d kuk\u0142y \u2013 lalki (nadmarionety), kt\u00f3re by\u0142y aktorami [&hellip;]<\/p>\n","protected":false},"author":102,"featured_media":0,"comment_status":"closed","ping_status":"closed","sticky":false,"template":"","format":"gallery","meta":{"ngg_post_thumbnail":0,"footnotes":""},"categories":[3],"tags":[],"class_list":["post-783","post","type-post","status-publish","format-gallery","hentry","category-aktualnosci","post_format-post-format-gallery","clearfix"],"_links":{"self":[{"href":"https:\/\/przedszkole18.edu.wroclaw.pl\/index.php\/wp-json\/wp\/v2\/posts\/783","targetHints":{"allow":["GET"]}}],"collection":[{"href":"https:\/\/przedszkole18.edu.wroclaw.pl\/index.php\/wp-json\/wp\/v2\/posts"}],"about":[{"href":"https:\/\/przedszkole18.edu.wroclaw.pl\/index.php\/wp-json\/wp\/v2\/types\/post"}],"author":[{"embeddable":true,"href":"https:\/\/przedszkole18.edu.wroclaw.pl\/index.php\/wp-json\/wp\/v2\/users\/102"}],"replies":[{"embeddable":true,"href":"https:\/\/przedszkole18.edu.wroclaw.pl\/index.php\/wp-json\/wp\/v2\/comments?post=783"}],"version-history":[{"count":2,"href":"https:\/\/przedszkole18.edu.wroclaw.pl\/index.php\/wp-json\/wp\/v2\/posts\/783\/revisions"}],"predecessor-version":[{"id":786,"href":"https:\/\/przedszkole18.edu.wroclaw.pl\/index.php\/wp-json\/wp\/v2\/posts\/783\/revisions\/786"}],"wp:attachment":[{"href":"https:\/\/przedszkole18.edu.wroclaw.pl\/index.php\/wp-json\/wp\/v2\/media?parent=783"}],"wp:term":[{"taxonomy":"category","embeddable":true,"href":"https:\/\/przedszkole18.edu.wroclaw.pl\/index.php\/wp-json\/wp\/v2\/categories?post=783"},{"taxonomy":"post_tag","embeddable":true,"href":"https:\/\/przedszkole18.edu.wroclaw.pl\/index.php\/wp-json\/wp\/v2\/tags?post=783"}],"curies":[{"name":"wp","href":"https:\/\/api.w.org\/{rel}","templated":true}]}}