
{"id":7865,"date":"2022-11-25T23:50:27","date_gmt":"2022-11-25T22:50:27","guid":{"rendered":"https:\/\/przedszkole18.edu.wroclaw.pl\/?p=7865"},"modified":"2022-11-25T23:52:54","modified_gmt":"2022-11-25T22:52:54","slug":"swieto-niepodleglosci-w-wiolinku-2","status":"publish","type":"post","link":"https:\/\/przedszkole18.edu.wroclaw.pl\/index.php\/2022\/11\/25\/swieto-niepodleglosci-w-wiolinku-2\/","title":{"rendered":"\u015awi\u0119to Niepodleg\u0142o\u015bci w Wiolinku"},"content":{"rendered":"<p>Szanowni Pa\u0144stwo,<\/p>\n<p>zapraszamy do obejrzenia relacji z radosnych obchod\u00f3w 104. rocznicy odzyskania przez Polsk\u0119 niepodleg\u0142o\u015bci.<\/p>\n<p>Film z wyst\u0119pami Waszych Pociech oraz zdj\u0119cia znajdziecie Pa\u0144stwo pod linkiem: <a href=\"https:\/\/przedszkole18.edu.wroclaw.pl\/index.php\/dzialania-muzyczne\/pnpc\/\">https:\/\/przedszkole18.edu.wroclaw.pl\/index.php\/dzialania-muzyczne\/pnpc\/<\/a><\/p>\n","protected":false},"excerpt":{"rendered":"<p>Szanowni Pa\u0144stwo, zapraszamy do obejrzenia relacji z radosnych obchod\u00f3w 104. rocznicy odzyskania przez Polsk\u0119 niepodleg\u0142o\u015bci. Film z wyst\u0119pami Waszych Pociech oraz zdj\u0119cia znajdziecie Pa\u0144stwo pod linkiem: https:\/\/przedszkole18.edu.wroclaw.pl\/index.php\/dzialania-muzyczne\/pnpc\/<\/p>\n","protected":false},"author":105,"featured_media":5283,"comment_status":"closed","ping_status":"closed","sticky":false,"template":"","format":"standard","meta":{"ngg_post_thumbnail":0,"footnotes":""},"categories":[3],"tags":[],"class_list":["post-7865","post","type-post","status-publish","format-standard","has-post-thumbnail","hentry","category-aktualnosci","clearfix"],"_links":{"self":[{"href":"https:\/\/przedszkole18.edu.wroclaw.pl\/index.php\/wp-json\/wp\/v2\/posts\/7865","targetHints":{"allow":["GET"]}}],"collection":[{"href":"https:\/\/przedszkole18.edu.wroclaw.pl\/index.php\/wp-json\/wp\/v2\/posts"}],"about":[{"href":"https:\/\/przedszkole18.edu.wroclaw.pl\/index.php\/wp-json\/wp\/v2\/types\/post"}],"author":[{"embeddable":true,"href":"https:\/\/przedszkole18.edu.wroclaw.pl\/index.php\/wp-json\/wp\/v2\/users\/105"}],"replies":[{"embeddable":true,"href":"https:\/\/przedszkole18.edu.wroclaw.pl\/index.php\/wp-json\/wp\/v2\/comments?post=7865"}],"version-history":[{"count":2,"href":"https:\/\/przedszkole18.edu.wroclaw.pl\/index.php\/wp-json\/wp\/v2\/posts\/7865\/revisions"}],"predecessor-version":[{"id":7867,"href":"https:\/\/przedszkole18.edu.wroclaw.pl\/index.php\/wp-json\/wp\/v2\/posts\/7865\/revisions\/7867"}],"wp:featuredmedia":[{"embeddable":true,"href":"https:\/\/przedszkole18.edu.wroclaw.pl\/index.php\/wp-json\/wp\/v2\/media\/5283"}],"wp:attachment":[{"href":"https:\/\/przedszkole18.edu.wroclaw.pl\/index.php\/wp-json\/wp\/v2\/media?parent=7865"}],"wp:term":[{"taxonomy":"category","embeddable":true,"href":"https:\/\/przedszkole18.edu.wroclaw.pl\/index.php\/wp-json\/wp\/v2\/categories?post=7865"},{"taxonomy":"post_tag","embeddable":true,"href":"https:\/\/przedszkole18.edu.wroclaw.pl\/index.php\/wp-json\/wp\/v2\/tags?post=7865"}],"curies":[{"name":"wp","href":"https:\/\/api.w.org\/{rel}","templated":true}]}}