
{"id":7892,"date":"2022-11-26T16:04:18","date_gmt":"2022-11-26T15:04:18","guid":{"rendered":"https:\/\/przedszkole18.edu.wroclaw.pl\/?p=7892"},"modified":"2022-11-26T16:04:18","modified_gmt":"2022-11-26T15:04:18","slug":"rodzice-6","status":"publish","type":"post","link":"https:\/\/przedszkole18.edu.wroclaw.pl\/index.php\/2022\/11\/26\/rodzice-6\/","title":{"rendered":"Rodzice!"},"content":{"rendered":"<p><span style=\"color: #003366\"><em><strong>Szanowni Pa\u0144stwo zapraszam po odbi\u00f3r zam\u00f3wionych kalendarzy z Pa\u0144stwa dzie\u0107mi. Jak wspomina\u0142am we wcze\u015bniejszym wpisie, p\u0142atno\u015b\u0107 przy odbiorze. <\/strong><\/em><\/span><\/p>\n<p><span style=\"color: #003366\"><em><strong>Koszt 39 z\u0142. Zdj\u0119cia rodze\u0144stw w zale\u017cno\u015bci od zam\u00f3wienia 49 z\u0142.<\/strong><\/em><\/span><\/p>\n<p><span style=\"color: #003366\"><em><strong> Zapraszam do kancelarii dyrektora w poniedzia\u0142ek 28 listopada w godzinach odbioru dzieci.\u00a0 14.30- 17.00\u00a0 Prosz\u0119 o wyliczon\u0105 kwot\u0119. <\/strong><\/em><\/span><\/p>\n<p><span style=\"color: #003366\"><em><strong>Pozdrawiam i zapraszam . <\/strong><\/em><span style=\"color: #666699\">Dyrektor plac\u00f3wki. Lidia Walczak-I\u017cycka <\/span><\/span><\/p>\n","protected":false},"excerpt":{"rendered":"<p>Szanowni Pa\u0144stwo zapraszam po odbi\u00f3r zam\u00f3wionych kalendarzy z Pa\u0144stwa dzie\u0107mi. Jak wspomina\u0142am we wcze\u015bniejszym wpisie, p\u0142atno\u015b\u0107 przy odbiorze. Koszt 39 z\u0142. Zdj\u0119cia rodze\u0144stw w zale\u017cno\u015bci od zam\u00f3wienia 49 z\u0142. Zapraszam [&hellip;]<\/p>\n","protected":false},"author":115,"featured_media":0,"comment_status":"closed","ping_status":"closed","sticky":false,"template":"","format":"standard","meta":{"ngg_post_thumbnail":0,"footnotes":""},"categories":[3],"tags":[],"class_list":["post-7892","post","type-post","status-publish","format-standard","hentry","category-aktualnosci","clearfix"],"_links":{"self":[{"href":"https:\/\/przedszkole18.edu.wroclaw.pl\/index.php\/wp-json\/wp\/v2\/posts\/7892","targetHints":{"allow":["GET"]}}],"collection":[{"href":"https:\/\/przedszkole18.edu.wroclaw.pl\/index.php\/wp-json\/wp\/v2\/posts"}],"about":[{"href":"https:\/\/przedszkole18.edu.wroclaw.pl\/index.php\/wp-json\/wp\/v2\/types\/post"}],"author":[{"embeddable":true,"href":"https:\/\/przedszkole18.edu.wroclaw.pl\/index.php\/wp-json\/wp\/v2\/users\/115"}],"replies":[{"embeddable":true,"href":"https:\/\/przedszkole18.edu.wroclaw.pl\/index.php\/wp-json\/wp\/v2\/comments?post=7892"}],"version-history":[{"count":1,"href":"https:\/\/przedszkole18.edu.wroclaw.pl\/index.php\/wp-json\/wp\/v2\/posts\/7892\/revisions"}],"predecessor-version":[{"id":7893,"href":"https:\/\/przedszkole18.edu.wroclaw.pl\/index.php\/wp-json\/wp\/v2\/posts\/7892\/revisions\/7893"}],"wp:attachment":[{"href":"https:\/\/przedszkole18.edu.wroclaw.pl\/index.php\/wp-json\/wp\/v2\/media?parent=7892"}],"wp:term":[{"taxonomy":"category","embeddable":true,"href":"https:\/\/przedszkole18.edu.wroclaw.pl\/index.php\/wp-json\/wp\/v2\/categories?post=7892"},{"taxonomy":"post_tag","embeddable":true,"href":"https:\/\/przedszkole18.edu.wroclaw.pl\/index.php\/wp-json\/wp\/v2\/tags?post=7892"}],"curies":[{"name":"wp","href":"https:\/\/api.w.org\/{rel}","templated":true}]}}