
{"id":7904,"date":"2022-11-28T19:03:47","date_gmt":"2022-11-28T18:03:47","guid":{"rendered":"https:\/\/przedszkole18.edu.wroclaw.pl\/?p=7904"},"modified":"2022-11-28T19:03:47","modified_gmt":"2022-11-28T18:03:47","slug":"pod-zyczliwym-parasolem-dzien-zyczliwosci-w-przedszkolu","status":"publish","type":"post","link":"https:\/\/przedszkole18.edu.wroclaw.pl\/index.php\/2022\/11\/28\/pod-zyczliwym-parasolem-dzien-zyczliwosci-w-przedszkolu\/","title":{"rendered":"&#8222;POD \u017bYCZLIWYM PARASOLEM&#8221; &#8211; DZIE\u0143 \u017bYCZLIWO\u015aCI W PRZEDSZKOLU"},"content":{"rendered":"<p>Wst\u0119pem do dnia \u017cyczliwo\u015bci by\u0142o zrobienie: &#8222;Drzewek \u017cyczliwo\u015bci&#8221; przez wszystkie grupy przedszkolne.\u00a0 W czwartek wszystkie dzieci zaprezentowa\u0142y wiersze nawi\u0105zuj\u0105ce do tematyki akcji: &#8222;Pod \u017cyczliwym parasolem&#8221;.<\/p>\n<p>B\u0105d\u017amy dla siebie mili i uprzejmi ka\u017cdego dnia!:)<\/p>\n<p><img loading=\"lazy\" decoding=\"async\" class=\"alignnone wp-image-7909 size-full\" src=\"https:\/\/przedszkole18.edu.wroclaw.pl\/wp-content\/uploads\/sites\/36\/2022\/11\/1669657207904-scaled.jpg\" alt=\"\" width=\"2560\" height=\"1920\" \/><img loading=\"lazy\" decoding=\"async\" class=\"alignnone wp-image-7910 size-full\" src=\"https:\/\/przedszkole18.edu.wroclaw.pl\/wp-content\/uploads\/sites\/36\/2022\/11\/1669657207841-scaled.jpg\" alt=\"\" width=\"2560\" height=\"1920\" \/><\/p>\n<p>&nbsp;<\/p>\n<p>&nbsp;<\/p>\n<p>&nbsp;<\/p>\n<p><img loading=\"lazy\" decoding=\"async\" class=\"alignnone wp-image-7905 size-full\" src=\"https:\/\/przedszkole18.edu.wroclaw.pl\/wp-content\/uploads\/sites\/36\/2022\/11\/1669657207873-scaled.jpg\" alt=\"\" width=\"2560\" height=\"1920\" \/><\/p>\n<p><img loading=\"lazy\" decoding=\"async\" class=\"alignnone wp-image-7917 size-full\" src=\"https:\/\/przedszkole18.edu.wroclaw.pl\/wp-content\/uploads\/sites\/36\/2022\/11\/1669658476968.jpg\" alt=\"\" width=\"1080\" height=\"595\" \/> <img loading=\"lazy\" decoding=\"async\" class=\"alignnone wp-image-7918 size-full\" src=\"https:\/\/przedszkole18.edu.wroclaw.pl\/wp-content\/uploads\/sites\/36\/2022\/11\/1669657478158-1.jpeg\" alt=\"\" width=\"1080\" height=\"583\" \/><\/p>\n","protected":false},"excerpt":{"rendered":"<p>Wst\u0119pem do dnia \u017cyczliwo\u015bci by\u0142o zrobienie: &#8222;Drzewek \u017cyczliwo\u015bci&#8221; przez wszystkie grupy przedszkolne.\u00a0 W czwartek wszystkie dzieci zaprezentowa\u0142y wiersze nawi\u0105zuj\u0105ce do tematyki akcji: &#8222;Pod \u017cyczliwym parasolem&#8221;. B\u0105d\u017amy dla siebie mili i [&hellip;]<\/p>\n","protected":false},"author":112,"featured_media":7913,"comment_status":"closed","ping_status":"closed","sticky":false,"template":"","format":"standard","meta":{"ngg_post_thumbnail":0,"footnotes":""},"categories":[1],"tags":[],"class_list":["post-7904","post","type-post","status-publish","format-standard","has-post-thumbnail","hentry","category-bez-kategorii","clearfix"],"_links":{"self":[{"href":"https:\/\/przedszkole18.edu.wroclaw.pl\/index.php\/wp-json\/wp\/v2\/posts\/7904","targetHints":{"allow":["GET"]}}],"collection":[{"href":"https:\/\/przedszkole18.edu.wroclaw.pl\/index.php\/wp-json\/wp\/v2\/posts"}],"about":[{"href":"https:\/\/przedszkole18.edu.wroclaw.pl\/index.php\/wp-json\/wp\/v2\/types\/post"}],"author":[{"embeddable":true,"href":"https:\/\/przedszkole18.edu.wroclaw.pl\/index.php\/wp-json\/wp\/v2\/users\/112"}],"replies":[{"embeddable":true,"href":"https:\/\/przedszkole18.edu.wroclaw.pl\/index.php\/wp-json\/wp\/v2\/comments?post=7904"}],"version-history":[{"count":2,"href":"https:\/\/przedszkole18.edu.wroclaw.pl\/index.php\/wp-json\/wp\/v2\/posts\/7904\/revisions"}],"predecessor-version":[{"id":7919,"href":"https:\/\/przedszkole18.edu.wroclaw.pl\/index.php\/wp-json\/wp\/v2\/posts\/7904\/revisions\/7919"}],"wp:featuredmedia":[{"embeddable":true,"href":"https:\/\/przedszkole18.edu.wroclaw.pl\/index.php\/wp-json\/wp\/v2\/media\/7913"}],"wp:attachment":[{"href":"https:\/\/przedszkole18.edu.wroclaw.pl\/index.php\/wp-json\/wp\/v2\/media?parent=7904"}],"wp:term":[{"taxonomy":"category","embeddable":true,"href":"https:\/\/przedszkole18.edu.wroclaw.pl\/index.php\/wp-json\/wp\/v2\/categories?post=7904"},{"taxonomy":"post_tag","embeddable":true,"href":"https:\/\/przedszkole18.edu.wroclaw.pl\/index.php\/wp-json\/wp\/v2\/tags?post=7904"}],"curies":[{"name":"wp","href":"https:\/\/api.w.org\/{rel}","templated":true}]}}