
{"id":7934,"date":"2022-12-03T16:47:28","date_gmt":"2022-12-03T15:47:28","guid":{"rendered":"https:\/\/przedszkole18.edu.wroclaw.pl\/?p=7934"},"modified":"2022-12-03T16:47:28","modified_gmt":"2022-12-03T15:47:28","slug":"spotkanie-z-mikolajem","status":"publish","type":"post","link":"https:\/\/przedszkole18.edu.wroclaw.pl\/index.php\/2022\/12\/03\/spotkanie-z-mikolajem\/","title":{"rendered":"Spotkanie z Miko\u0142ajem!"},"content":{"rendered":"<p><span style=\"font-size: 14pt;color: #000080\"><strong>Drodzy rodzice! Kochane dzieci! <\/strong><\/span><\/p>\n<p><span style=\"font-size: 14pt;color: #000080\"><strong>We wtorek <span style=\"color: #800000\">6 grudnia\u00a0 o godzinie 9.15<\/span>\u00a0 przyb\u0119dzie do przedszkola <span style=\"color: #800000\">\u015awi\u0119ty Miko\u0142aj<\/span>.\u00a0 Wys\u0142ucha wierszyk\u00f3w i piosenek przygotowanych przez dzieci i obdaruje prezentami wszystkie grzeczne i st\u0119sknione przedszkolaki. <\/strong><\/span><\/p>\n<p><span style=\"font-size: 14pt;color: #000080\"><strong>Fotograf zrobi pami\u0105tkowe zdj\u0119cia.<br \/>\n<\/strong> <\/span><\/p>\n","protected":false},"excerpt":{"rendered":"<p>Drodzy rodzice! Kochane dzieci! We wtorek 6 grudnia\u00a0 o godzinie 9.15\u00a0 przyb\u0119dzie do przedszkola \u015awi\u0119ty Miko\u0142aj.\u00a0 Wys\u0142ucha wierszyk\u00f3w i piosenek przygotowanych przez dzieci i obdaruje prezentami wszystkie grzeczne i st\u0119sknione [&hellip;]<\/p>\n","protected":false},"author":115,"featured_media":7921,"comment_status":"closed","ping_status":"closed","sticky":false,"template":"","format":"standard","meta":{"ngg_post_thumbnail":0,"footnotes":""},"categories":[3],"tags":[],"class_list":["post-7934","post","type-post","status-publish","format-standard","has-post-thumbnail","hentry","category-aktualnosci","clearfix"],"_links":{"self":[{"href":"https:\/\/przedszkole18.edu.wroclaw.pl\/index.php\/wp-json\/wp\/v2\/posts\/7934","targetHints":{"allow":["GET"]}}],"collection":[{"href":"https:\/\/przedszkole18.edu.wroclaw.pl\/index.php\/wp-json\/wp\/v2\/posts"}],"about":[{"href":"https:\/\/przedszkole18.edu.wroclaw.pl\/index.php\/wp-json\/wp\/v2\/types\/post"}],"author":[{"embeddable":true,"href":"https:\/\/przedszkole18.edu.wroclaw.pl\/index.php\/wp-json\/wp\/v2\/users\/115"}],"replies":[{"embeddable":true,"href":"https:\/\/przedszkole18.edu.wroclaw.pl\/index.php\/wp-json\/wp\/v2\/comments?post=7934"}],"version-history":[{"count":1,"href":"https:\/\/przedszkole18.edu.wroclaw.pl\/index.php\/wp-json\/wp\/v2\/posts\/7934\/revisions"}],"predecessor-version":[{"id":7935,"href":"https:\/\/przedszkole18.edu.wroclaw.pl\/index.php\/wp-json\/wp\/v2\/posts\/7934\/revisions\/7935"}],"wp:featuredmedia":[{"embeddable":true,"href":"https:\/\/przedszkole18.edu.wroclaw.pl\/index.php\/wp-json\/wp\/v2\/media\/7921"}],"wp:attachment":[{"href":"https:\/\/przedszkole18.edu.wroclaw.pl\/index.php\/wp-json\/wp\/v2\/media?parent=7934"}],"wp:term":[{"taxonomy":"category","embeddable":true,"href":"https:\/\/przedszkole18.edu.wroclaw.pl\/index.php\/wp-json\/wp\/v2\/categories?post=7934"},{"taxonomy":"post_tag","embeddable":true,"href":"https:\/\/przedszkole18.edu.wroclaw.pl\/index.php\/wp-json\/wp\/v2\/tags?post=7934"}],"curies":[{"name":"wp","href":"https:\/\/api.w.org\/{rel}","templated":true}]}}