
{"id":796,"date":"2020-03-18T13:19:01","date_gmt":"2020-03-18T12:19:01","guid":{"rendered":"https:\/\/przedszkole18.edu.wroclaw.pl\/?p=796"},"modified":"2020-03-19T13:54:54","modified_gmt":"2020-03-19T12:54:54","slug":"szanowni-panstwo","status":"publish","type":"post","link":"https:\/\/przedszkole18.edu.wroclaw.pl\/index.php\/2020\/03\/18\/szanowni-panstwo\/","title":{"rendered":"Szanowni Pa\u0144stwo!"},"content":{"rendered":"<p>Szanowni Pa\u0144stwo informuj\u0119, \u017ce rekrutacja do plac\u00f3wki odbywa\u0107 si\u0119 b\u0119dzie zgodnie podanym na stronach miasta do rekrutacji harmonogramem.\u00a0 W dniu 19 marca prze\u015bl\u0119 wiadomo\u015b\u0107 czy jest mo\u017cliwo\u015b\u0107\u00a0 ewentualnego elektronicznego przesy\u0142ania wszelkich dokument\u00f3w zwi\u0105zanych z rekrutacj\u0105. Pozostaje jeszcze droga tradycyjna, czyli przekazanie do plac\u00f3wki wszystkich dokument\u00f3w i umieszczenie ich w specjalnym do tego celu przygotowanym pojemniku. W tej sytuacji komisja rekrutacyjna b\u0119dzie odnotowywa\u0107 dane osoby sk\u0142adaj\u0105cej dokumenty, wykluczam kontakt bezpo\u015bredni i &#8222;spacer&#8221; po plac\u00f3wce. Dok\u0142adn\u0105 procedur\u0119 zamieszcz\u0119 na drzwiach wej\u015bciowych, bardzo prosz\u0119 o jej stosowanie. Wszystkim Pa\u0144stwu przypominam\u00a0 rekrutacja trwa od 20.03 do 25.03. w godzinach 8.00- 15.00<br \/>\nW razie pyta\u0144 zapraszam do kontaktu telefonicznego 71 7986775 lub 728 520 159.<br \/>\nPozdrawiam serdecznie i \u017cycz\u0119 du\u017co zdrowia. Dyrektor plac\u00f3wki Lidia Walczak-I\u017cycka<\/p>\n<p>&nbsp;<\/p>\n<p><img loading=\"lazy\" decoding=\"async\" class=\"size-full wp-image-849 aligncenter\" src=\"https:\/\/przedszkole18.edu.wroclaw.pl\/wp-content\/uploads\/sites\/36\/2020\/03\/dzieci-z-radosna-twarza-siedza-razem_1308-34091.jpg\" alt=\"\" width=\"626\" height=\"410\" srcset=\"https:\/\/przedszkole18.edu.wroclaw.pl\/wp-content\/uploads\/sites\/36\/2020\/03\/dzieci-z-radosna-twarza-siedza-razem_1308-34091.jpg 626w, https:\/\/przedszkole18.edu.wroclaw.pl\/wp-content\/uploads\/sites\/36\/2020\/03\/dzieci-z-radosna-twarza-siedza-razem_1308-34091-300x196.jpg 300w, https:\/\/przedszkole18.edu.wroclaw.pl\/wp-content\/uploads\/sites\/36\/2020\/03\/dzieci-z-radosna-twarza-siedza-razem_1308-34091-600x393.jpg 600w, https:\/\/przedszkole18.edu.wroclaw.pl\/wp-content\/uploads\/sites\/36\/2020\/03\/dzieci-z-radosna-twarza-siedza-razem_1308-34091-624x409.jpg 624w\" sizes=\"auto, (max-width: 626px) 100vw, 626px\" \/><\/p>\n<p>&nbsp;<\/p>\n<p>&nbsp;<\/p>\n","protected":false},"excerpt":{"rendered":"<p>Szanowni Pa\u0144stwo informuj\u0119, \u017ce rekrutacja do plac\u00f3wki odbywa\u0107 si\u0119 b\u0119dzie zgodnie podanym na stronach miasta do rekrutacji harmonogramem.\u00a0 W dniu 19 marca prze\u015bl\u0119 wiadomo\u015b\u0107 czy jest mo\u017cliwo\u015b\u0107\u00a0 ewentualnego elektronicznego przesy\u0142ania [&hellip;]<\/p>\n","protected":false},"author":115,"featured_media":849,"comment_status":"closed","ping_status":"closed","sticky":false,"template":"","format":"standard","meta":{"ngg_post_thumbnail":0,"footnotes":""},"categories":[3],"tags":[],"class_list":["post-796","post","type-post","status-publish","format-standard","has-post-thumbnail","hentry","category-aktualnosci","clearfix"],"_links":{"self":[{"href":"https:\/\/przedszkole18.edu.wroclaw.pl\/index.php\/wp-json\/wp\/v2\/posts\/796","targetHints":{"allow":["GET"]}}],"collection":[{"href":"https:\/\/przedszkole18.edu.wroclaw.pl\/index.php\/wp-json\/wp\/v2\/posts"}],"about":[{"href":"https:\/\/przedszkole18.edu.wroclaw.pl\/index.php\/wp-json\/wp\/v2\/types\/post"}],"author":[{"embeddable":true,"href":"https:\/\/przedszkole18.edu.wroclaw.pl\/index.php\/wp-json\/wp\/v2\/users\/115"}],"replies":[{"embeddable":true,"href":"https:\/\/przedszkole18.edu.wroclaw.pl\/index.php\/wp-json\/wp\/v2\/comments?post=796"}],"version-history":[{"count":3,"href":"https:\/\/przedszkole18.edu.wroclaw.pl\/index.php\/wp-json\/wp\/v2\/posts\/796\/revisions"}],"predecessor-version":[{"id":847,"href":"https:\/\/przedszkole18.edu.wroclaw.pl\/index.php\/wp-json\/wp\/v2\/posts\/796\/revisions\/847"}],"wp:featuredmedia":[{"embeddable":true,"href":"https:\/\/przedszkole18.edu.wroclaw.pl\/index.php\/wp-json\/wp\/v2\/media\/849"}],"wp:attachment":[{"href":"https:\/\/przedszkole18.edu.wroclaw.pl\/index.php\/wp-json\/wp\/v2\/media?parent=796"}],"wp:term":[{"taxonomy":"category","embeddable":true,"href":"https:\/\/przedszkole18.edu.wroclaw.pl\/index.php\/wp-json\/wp\/v2\/categories?post=796"},{"taxonomy":"post_tag","embeddable":true,"href":"https:\/\/przedszkole18.edu.wroclaw.pl\/index.php\/wp-json\/wp\/v2\/tags?post=796"}],"curies":[{"name":"wp","href":"https:\/\/api.w.org\/{rel}","templated":true}]}}