
{"id":7967,"date":"2022-12-08T17:42:35","date_gmt":"2022-12-08T16:42:35","guid":{"rendered":"https:\/\/przedszkole18.edu.wroclaw.pl\/?p=7967"},"modified":"2022-12-08T17:42:35","modified_gmt":"2022-12-08T16:42:35","slug":"wazne-24","status":"publish","type":"post","link":"https:\/\/przedszkole18.edu.wroclaw.pl\/index.php\/2022\/12\/08\/wazne-24\/","title":{"rendered":"Wa\u017cne!"},"content":{"rendered":"<p><span style=\"font-size: 14pt;color: #000080\"><strong>Drodzy Rodzice!<\/strong><\/span><\/p>\n<p><em><span style=\"color: #000080\">Dostaj\u0119 wiele informacji o zachorowaniach naszych wychowank\u00f3w, dolegliwo\u015bci bardzo r\u00f3\u017cne,\u00a0 dzisiaj potwierdzono\u00a0 informacj\u0119 o szkarlatynie. <\/span><\/em><\/p>\n<p><em><span style=\"color: #000080\">Bardzo prosz\u0119 ! Do przedszkola przyprowadzamy wy\u0142\u0105cznie zdrowe\u00a0 dzieci,\u00a0 bez kataru, kaszlu\u00a0 i stanu podgor\u0105czkowego bo i takie przypadki mamy. <\/span><\/em><\/p>\n<p><em><span style=\"color: #000080\">Docieraj\u0105 do mnie,\u00a0 informacj\u0119 o zamykanych przedszkolach z powodu du\u017cej ilo\u015bci zachorowa\u0144 w\u015br\u00f3d nauczycieli i pracownik\u00f3w obs\u0142ugi.\u00a0<\/span><\/em><\/p>\n<p><em><span style=\"color: #000080\"> Wszyscy chcemy pracowa\u0107 i wszyscy chcemy mie\u0107 zdrowe rodziny i spokojne \u015bwi\u0119te. Tego \u017cycz\u0119 i prosz\u0119 o zrozumienie.<\/span><\/em><\/p>\n<p><span style=\"color: #666699\"><em> Pozdrawiam dyrektor przedszkola Lidia Walczak-I\u017cycka\u00a0 <\/em><\/span><\/p>\n","protected":false},"excerpt":{"rendered":"<p>Drodzy Rodzice! Dostaj\u0119 wiele informacji o zachorowaniach naszych wychowank\u00f3w, dolegliwo\u015bci bardzo r\u00f3\u017cne,\u00a0 dzisiaj potwierdzono\u00a0 informacj\u0119 o szkarlatynie. Bardzo prosz\u0119 ! Do przedszkola przyprowadzamy wy\u0142\u0105cznie zdrowe\u00a0 dzieci,\u00a0 bez kataru, kaszlu\u00a0 i [&hellip;]<\/p>\n","protected":false},"author":115,"featured_media":0,"comment_status":"closed","ping_status":"closed","sticky":false,"template":"","format":"standard","meta":{"ngg_post_thumbnail":0,"footnotes":""},"categories":[3],"tags":[],"class_list":["post-7967","post","type-post","status-publish","format-standard","hentry","category-aktualnosci","clearfix"],"_links":{"self":[{"href":"https:\/\/przedszkole18.edu.wroclaw.pl\/index.php\/wp-json\/wp\/v2\/posts\/7967","targetHints":{"allow":["GET"]}}],"collection":[{"href":"https:\/\/przedszkole18.edu.wroclaw.pl\/index.php\/wp-json\/wp\/v2\/posts"}],"about":[{"href":"https:\/\/przedszkole18.edu.wroclaw.pl\/index.php\/wp-json\/wp\/v2\/types\/post"}],"author":[{"embeddable":true,"href":"https:\/\/przedszkole18.edu.wroclaw.pl\/index.php\/wp-json\/wp\/v2\/users\/115"}],"replies":[{"embeddable":true,"href":"https:\/\/przedszkole18.edu.wroclaw.pl\/index.php\/wp-json\/wp\/v2\/comments?post=7967"}],"version-history":[{"count":1,"href":"https:\/\/przedszkole18.edu.wroclaw.pl\/index.php\/wp-json\/wp\/v2\/posts\/7967\/revisions"}],"predecessor-version":[{"id":7968,"href":"https:\/\/przedszkole18.edu.wroclaw.pl\/index.php\/wp-json\/wp\/v2\/posts\/7967\/revisions\/7968"}],"wp:attachment":[{"href":"https:\/\/przedszkole18.edu.wroclaw.pl\/index.php\/wp-json\/wp\/v2\/media?parent=7967"}],"wp:term":[{"taxonomy":"category","embeddable":true,"href":"https:\/\/przedszkole18.edu.wroclaw.pl\/index.php\/wp-json\/wp\/v2\/categories?post=7967"},{"taxonomy":"post_tag","embeddable":true,"href":"https:\/\/przedszkole18.edu.wroclaw.pl\/index.php\/wp-json\/wp\/v2\/tags?post=7967"}],"curies":[{"name":"wp","href":"https:\/\/api.w.org\/{rel}","templated":true}]}}