
{"id":8070,"date":"2022-12-19T10:42:19","date_gmt":"2022-12-19T09:42:19","guid":{"rendered":"https:\/\/przedszkole18.edu.wroclaw.pl\/?p=8070"},"modified":"2022-12-19T10:42:19","modified_gmt":"2022-12-19T09:42:19","slug":"wigilia-w-wiolinku-2","status":"publish","type":"post","link":"https:\/\/przedszkole18.edu.wroclaw.pl\/index.php\/2022\/12\/19\/wigilia-w-wiolinku-2\/","title":{"rendered":"Wigilia w &#8222;Wiolinku&#8221;"},"content":{"rendered":"<p><span style=\"color: #000080\"><em><strong><span style=\"font-size: 14pt\">Szanowni Pa\u0144stwo!<\/span><\/strong><\/em><\/span><\/p>\n<p><span style=\"color: #000080\"><em><strong><span style=\"font-size: 14pt\">Tradycj\u0105 naszego przedszkola,\u00a0 jest spotkanie przedszkolak\u00f3w przy wigilijnym stole. Tego dnia,\u00a0 nie tylko smakujemy \u015bwi\u0105teczne potrawy,\u00a0 ale tak\u017ce wsp\u00f3lnie \u015bpiewamy kol\u0119dy i sk\u0142adamy wszystkim \u015bwi\u0105teczne \u017cyczenia. <\/span><\/strong><\/em><\/span><\/p>\n<p><span style=\"color: #000080\"><em><strong><span style=\"font-size: 14pt\">Tegoroczne\u00a0 \u015bwi\u0105teczne spotkanie,\u00a0 odb\u0119dzie si\u0119 w \u015brod\u0119 21 grudnia \/13.30\/ <\/span><\/strong><\/em><\/span><\/p>\n<p><span style=\"color: #000080\"><em><strong><span style=\"font-size: 14pt\">Bardzo prosz\u0119 o przygotowanie dzieciom na ten dzie\u0144 od\u015bwi\u0119tnego\u00a0 stroju,\u00a0 by nada\u0107 temu spotkaniu uroczysty charakter.\u00a0 <\/span><\/strong><\/em><\/span><\/p>\n<p><span style=\"color: #333399;font-size: 12pt\">Pozdrawiam i \u017cycz\u0119 du\u017co zdrowia. Dyrektor plac\u00f3wki. Lidia Walczak-I\u017cycka <\/span><\/p>\n","protected":false},"excerpt":{"rendered":"<p>Szanowni Pa\u0144stwo! Tradycj\u0105 naszego przedszkola,\u00a0 jest spotkanie przedszkolak\u00f3w przy wigilijnym stole. Tego dnia,\u00a0 nie tylko smakujemy \u015bwi\u0105teczne potrawy,\u00a0 ale tak\u017ce wsp\u00f3lnie \u015bpiewamy kol\u0119dy i sk\u0142adamy wszystkim \u015bwi\u0105teczne \u017cyczenia. Tegoroczne\u00a0 \u015bwi\u0105teczne [&hellip;]<\/p>\n","protected":false},"author":115,"featured_media":8040,"comment_status":"closed","ping_status":"closed","sticky":false,"template":"","format":"standard","meta":{"ngg_post_thumbnail":0,"footnotes":""},"categories":[3],"tags":[],"class_list":["post-8070","post","type-post","status-publish","format-standard","has-post-thumbnail","hentry","category-aktualnosci","clearfix"],"_links":{"self":[{"href":"https:\/\/przedszkole18.edu.wroclaw.pl\/index.php\/wp-json\/wp\/v2\/posts\/8070","targetHints":{"allow":["GET"]}}],"collection":[{"href":"https:\/\/przedszkole18.edu.wroclaw.pl\/index.php\/wp-json\/wp\/v2\/posts"}],"about":[{"href":"https:\/\/przedszkole18.edu.wroclaw.pl\/index.php\/wp-json\/wp\/v2\/types\/post"}],"author":[{"embeddable":true,"href":"https:\/\/przedszkole18.edu.wroclaw.pl\/index.php\/wp-json\/wp\/v2\/users\/115"}],"replies":[{"embeddable":true,"href":"https:\/\/przedszkole18.edu.wroclaw.pl\/index.php\/wp-json\/wp\/v2\/comments?post=8070"}],"version-history":[{"count":1,"href":"https:\/\/przedszkole18.edu.wroclaw.pl\/index.php\/wp-json\/wp\/v2\/posts\/8070\/revisions"}],"predecessor-version":[{"id":8071,"href":"https:\/\/przedszkole18.edu.wroclaw.pl\/index.php\/wp-json\/wp\/v2\/posts\/8070\/revisions\/8071"}],"wp:featuredmedia":[{"embeddable":true,"href":"https:\/\/przedszkole18.edu.wroclaw.pl\/index.php\/wp-json\/wp\/v2\/media\/8040"}],"wp:attachment":[{"href":"https:\/\/przedszkole18.edu.wroclaw.pl\/index.php\/wp-json\/wp\/v2\/media?parent=8070"}],"wp:term":[{"taxonomy":"category","embeddable":true,"href":"https:\/\/przedszkole18.edu.wroclaw.pl\/index.php\/wp-json\/wp\/v2\/categories?post=8070"},{"taxonomy":"post_tag","embeddable":true,"href":"https:\/\/przedszkole18.edu.wroclaw.pl\/index.php\/wp-json\/wp\/v2\/tags?post=8070"}],"curies":[{"name":"wp","href":"https:\/\/api.w.org\/{rel}","templated":true}]}}